{"id":14034,"date":"2016-07-05T14:20:50","date_gmt":"2016-07-05T14:20:50","guid":{"rendered":""},"modified":"2016-07-05T14:20:50","modified_gmt":"2016-07-05T14:20:50","slug":"pandeportes-celebra-xlvi-aniversario","status":"publish","type":"post","link":"https:\/\/sertv.gob.pa\/nacionalfm\/pandeportes-celebra-xlvi-aniversario\/","title":{"rendered":"PANDEPORTES celebra XLVI aniversario"},"content":{"rendered":"<p>\nEl Instituto Paname\u00f1o de Deportes celebr\u00f3 sus 46 a\u00f1os de aniversario con la coronaci\u00f3n de Janina Stanziola, popularmente conocida como &ldquo;La Barbie&rdquo;. El ente deportivo paname\u00f1o fue creado un 2 de junio de 1970, teniendo como primer nombre Instituto Nacional de Cultura y Deportes (INCUDE), posteriormente Instituto Nacional de Deportes (INDE). <\/p>\n<p>&ldquo;La Barbie&rdquo; tambi\u00e9n reconocida como el amuleto de la suerte de la selecci\u00f3n nacional de f\u00fatbol, al darle con un beso la llegada de los jugadores al estadio Rommel Fern\u00e1ndez, tanto para las pr\u00e1cticas y los partidos, logr\u00f3 imponerse a otras cinco candidatas, que pusieron su donaire y alegr\u00eda en esta actividad festiva constituida en un gran convivio de la familia de PAN DEPORTES. <\/p>\n<p>Teniendo como escenario la arena Roberto Dur\u00e1n, las candidatas Janina Stanziola, en representaci\u00f3n del tercer piso del edificio administrativo de Pandeportes en la ciudad deportiva Irving Saladino, Anyi Santamar\u00eda de la plata baja y Elena &ldquo;La Bomba&rdquo; Thomas del primero, adem\u00e1s de Janette Santamar\u00eda de la direcci\u00f3n provincial de Panam\u00e1 Oeste, Misarelys Torres de la de Veraguas y Buenaventura Morales de Chiriqu\u00ed, cada una derroch\u00f3 entusiasmo con la presentaci\u00f3n de comparsas y barras para convencer a los votantes y jurados para llegar a lograr el t\u00edtulo. <\/p>\n","protected":false},"excerpt":{"rendered":"<p>El Instituto Paname\u00f1o de Deportes celebr\u00f3 sus 46 a\u00f1os de <a href=\"https:\/\/sertv.gob.pa\/nacionalfm\/pandeportes-celebra-xlvi-aniversario\/\"> [&#8230;]<\/a><\/p>\n","protected":false},"author":1,"featured_media":14035,"comment_status":"closed","ping_status":"closed","sticky":false,"template":"","format":"standard","meta":{"footnotes":""},"categories":[4],"tags":[],"class_list":["post-14034","post","type-post","status-publish","format-standard","has-post-thumbnail","hentry","category-deportes"],"_links":{"self":[{"href":"https:\/\/sertv.gob.pa\/nacionalfm\/wp-json\/wp\/v2\/posts\/14034","targetHints":{"allow":["GET"]}}],"collection":[{"href":"https:\/\/sertv.gob.pa\/nacionalfm\/wp-json\/wp\/v2\/posts"}],"about":[{"href":"https:\/\/sertv.gob.pa\/nacionalfm\/wp-json\/wp\/v2\/types\/post"}],"author":[{"embeddable":true,"href":"https:\/\/sertv.gob.pa\/nacionalfm\/wp-json\/wp\/v2\/users\/1"}],"replies":[{"embeddable":true,"href":"https:\/\/sertv.gob.pa\/nacionalfm\/wp-json\/wp\/v2\/comments?post=14034"}],"version-history":[{"count":0,"href":"https:\/\/sertv.gob.pa\/nacionalfm\/wp-json\/wp\/v2\/posts\/14034\/revisions"}],"wp:featuredmedia":[{"embeddable":true,"href":"https:\/\/sertv.gob.pa\/nacionalfm\/wp-json\/wp\/v2\/media\/14035"}],"wp:attachment":[{"href":"https:\/\/sertv.gob.pa\/nacionalfm\/wp-json\/wp\/v2\/media?parent=14034"}],"wp:term":[{"taxonomy":"category","embeddable":true,"href":"https:\/\/sertv.gob.pa\/nacionalfm\/wp-json\/wp\/v2\/categories?post=14034"},{"taxonomy":"post_tag","embeddable":true,"href":"https:\/\/sertv.gob.pa\/nacionalfm\/wp-json\/wp\/v2\/tags?post=14034"}],"curies":[{"name":"wp","href":"https:\/\/api.w.org\/{rel}","templated":true}]}}