{"id":14042,"date":"2016-07-05T15:11:57","date_gmt":"2016-07-05T15:11:57","guid":{"rendered":""},"modified":"2016-07-05T15:11:57","modified_gmt":"2016-07-05T15:11:57","slug":"fallece-ex-campeon-mundial-carlos-morocho-hernandez","status":"publish","type":"post","link":"https:\/\/sertv.gob.pa\/nacionalfm\/fallece-ex-campeon-mundial-carlos-morocho-hernandez\/","title":{"rendered":"Fallece ex campe\u00f3n mundial Carlos \u201cMorocho\u201d Hern\u00e1ndez"},"content":{"rendered":"<p>\nEl ex campe\u00f3n mundial venezolano Carlos Morocho Hern\u00e1ndez falleci\u00f3 recientemente a la edad de 73 a\u00f1os, seg\u00fan inform\u00f3 la p\u00e1gina de Internet de la Asociaci\u00f3n Mundial de Boxeo. <\/p>\n<p>&ldquo;El Morocho&rdquo; naci\u00f3 el 21 de abril de 1940 en Caracas, Venezuela y dedic\u00f3 toda su vida al pugilismo, combati\u00f3 desde los 15 a\u00f1os, fue campe\u00f3n del Distrito Federal y campe\u00f3n nacional. <\/p>\n<p>El 18 de enero de 1965, en el Nuevo Circo de Caracas, Venezuela le arrebat\u00f3 el t\u00edtulo superligero de la AMB al norteamericano Eddie Perkins por decisi\u00f3n dividida y se convierte en el primer campe\u00f3n mundial venezolano. <\/p>\n<p>Hern\u00e1ndez muri\u00f3 este s\u00e1bado debido a complicaciones de salud a los 76 a\u00f1os. <\/p>\n<p>Cabe destacar que Carlos &ldquo;Morocho&rdquo; Hern\u00e1ndez se enfrent\u00f3 a 4 paname\u00f1os y combati\u00f3 en Panam\u00e1 dos veces, con Rodolfo &ldquo;Bobo&rdquo; Francis y Eloy Henry en Venezuela con Humberto &ldquo;El Gato&rdquo; Trotman en el estadio Nacional Juan Dem\u00f3stenes Arosemena, a quienes venci\u00f3 y el 19 de febrero de 1966 perdi\u00f3 por K.O.T. en 8 asaltos, \u00a0en el mismo escenario ante Ismael &ldquo;El Tigre Colonense&rdquo; Laguna. <\/p>\n","protected":false},"excerpt":{"rendered":"<p>El ex campe\u00f3n mundial venezolano Carlos Morocho Hern\u00e1ndez falleci\u00f3 recientemente <a href=\"https:\/\/sertv.gob.pa\/nacionalfm\/fallece-ex-campeon-mundial-carlos-morocho-hernandez\/\"> [&#8230;]<\/a><\/p>\n","protected":false},"author":1,"featured_media":14043,"comment_status":"closed","ping_status":"closed","sticky":false,"template":"","format":"standard","meta":{"footnotes":""},"categories":[4],"tags":[],"class_list":["post-14042","post","type-post","status-publish","format-standard","has-post-thumbnail","hentry","category-deportes"],"_links":{"self":[{"href":"https:\/\/sertv.gob.pa\/nacionalfm\/wp-json\/wp\/v2\/posts\/14042","targetHints":{"allow":["GET"]}}],"collection":[{"href":"https:\/\/sertv.gob.pa\/nacionalfm\/wp-json\/wp\/v2\/posts"}],"about":[{"href":"https:\/\/sertv.gob.pa\/nacionalfm\/wp-json\/wp\/v2\/types\/post"}],"author":[{"embeddable":true,"href":"https:\/\/sertv.gob.pa\/nacionalfm\/wp-json\/wp\/v2\/users\/1"}],"replies":[{"embeddable":true,"href":"https:\/\/sertv.gob.pa\/nacionalfm\/wp-json\/wp\/v2\/comments?post=14042"}],"version-history":[{"count":0,"href":"https:\/\/sertv.gob.pa\/nacionalfm\/wp-json\/wp\/v2\/posts\/14042\/revisions"}],"wp:featuredmedia":[{"embeddable":true,"href":"https:\/\/sertv.gob.pa\/nacionalfm\/wp-json\/wp\/v2\/media\/14043"}],"wp:attachment":[{"href":"https:\/\/sertv.gob.pa\/nacionalfm\/wp-json\/wp\/v2\/media?parent=14042"}],"wp:term":[{"taxonomy":"category","embeddable":true,"href":"https:\/\/sertv.gob.pa\/nacionalfm\/wp-json\/wp\/v2\/categories?post=14042"},{"taxonomy":"post_tag","embeddable":true,"href":"https:\/\/sertv.gob.pa\/nacionalfm\/wp-json\/wp\/v2\/tags?post=14042"}],"curies":[{"name":"wp","href":"https:\/\/api.w.org\/{rel}","templated":true}]}}