{"id":14044,"date":"2016-07-05T15:35:09","date_gmt":"2016-07-05T15:35:09","guid":{"rendered":""},"modified":"2016-07-05T15:35:09","modified_gmt":"2016-07-05T15:35:09","slug":"billy-gordon-participa-en-sprint-de-linton-bay-colon","status":"publish","type":"post","link":"https:\/\/sertv.gob.pa\/nacionalfm\/billy-gordon-participa-en-sprint-de-linton-bay-colon\/","title":{"rendered":"Billy Gord\u00f3n participa en sprint de Linton Bay, Col\u00f3n"},"content":{"rendered":"<p>\nEl triatlonista Billy Gord\u00f3n participar\u00e1 este domingo 10 de julio en el Triatl\u00f3n Ol\u00edmpico &#038; Sprint, que correr\u00e1 en Linton Bay, Col\u00f3n. <\/p>\n<p>En el evento participar\u00e1n 300 atletas, entre ellos 10 colombianos, en una\u00a0 distancia de 1.5 kil\u00f3metros a nado, 40 kil\u00f3metros de ciclismo en la Sierra Llorona \u00a0y 10 kil\u00f3metros de corrida. <\/p>\n<p>Adem\u00e1s de Billy Gord\u00f3n han confirmado su participaci\u00f3n entre los residentes nacionales, Pedro Cordovez, Fish Alfaro, Alfredo Trujano, el profesor argentino con a\u00f1os de residir en Panam\u00e1 Ronan Pavoni, entre las damas Patty Real, Susana Guill\u00e9n, Cristi Mata y Wendy Ducreaux.\u00a0 <\/p>\n","protected":false},"excerpt":{"rendered":"<p>El triatlonista Billy Gord\u00f3n participar\u00e1 este domingo 10 de julio <a href=\"https:\/\/sertv.gob.pa\/nacionalfm\/billy-gordon-participa-en-sprint-de-linton-bay-colon\/\"> [&#8230;]<\/a><\/p>\n","protected":false},"author":1,"featured_media":14045,"comment_status":"closed","ping_status":"closed","sticky":false,"template":"","format":"standard","meta":{"footnotes":""},"categories":[4],"tags":[],"class_list":["post-14044","post","type-post","status-publish","format-standard","has-post-thumbnail","hentry","category-deportes"],"_links":{"self":[{"href":"https:\/\/sertv.gob.pa\/nacionalfm\/wp-json\/wp\/v2\/posts\/14044","targetHints":{"allow":["GET"]}}],"collection":[{"href":"https:\/\/sertv.gob.pa\/nacionalfm\/wp-json\/wp\/v2\/posts"}],"about":[{"href":"https:\/\/sertv.gob.pa\/nacionalfm\/wp-json\/wp\/v2\/types\/post"}],"author":[{"embeddable":true,"href":"https:\/\/sertv.gob.pa\/nacionalfm\/wp-json\/wp\/v2\/users\/1"}],"replies":[{"embeddable":true,"href":"https:\/\/sertv.gob.pa\/nacionalfm\/wp-json\/wp\/v2\/comments?post=14044"}],"version-history":[{"count":0,"href":"https:\/\/sertv.gob.pa\/nacionalfm\/wp-json\/wp\/v2\/posts\/14044\/revisions"}],"wp:featuredmedia":[{"embeddable":true,"href":"https:\/\/sertv.gob.pa\/nacionalfm\/wp-json\/wp\/v2\/media\/14045"}],"wp:attachment":[{"href":"https:\/\/sertv.gob.pa\/nacionalfm\/wp-json\/wp\/v2\/media?parent=14044"}],"wp:term":[{"taxonomy":"category","embeddable":true,"href":"https:\/\/sertv.gob.pa\/nacionalfm\/wp-json\/wp\/v2\/categories?post=14044"},{"taxonomy":"post_tag","embeddable":true,"href":"https:\/\/sertv.gob.pa\/nacionalfm\/wp-json\/wp\/v2\/tags?post=14044"}],"curies":[{"name":"wp","href":"https:\/\/api.w.org\/{rel}","templated":true}]}}