{"id":14050,"date":"2016-07-05T16:17:12","date_gmt":"2016-07-05T16:17:12","guid":{"rendered":""},"modified":"2016-07-05T16:17:12","modified_gmt":"2016-07-05T16:17:12","slug":"preseleccion-u15-de-baloncesto-inicia-entrenamientos","status":"publish","type":"post","link":"https:\/\/sertv.gob.pa\/nacionalfm\/preseleccion-u15-de-baloncesto-inicia-entrenamientos\/","title":{"rendered":"Preselecci\u00f3n U15 de Baloncesto inicia entrenamientos"},"content":{"rendered":"<p>\n La Pre-Selecci\u00f3n Nacional de Baloncesto U15 masculina inici\u00f3 en la tarde de ayer los entrenamientos en el gimnasio del Instituto Justo Arosemena, ubicado en la V\u00eda del nuevo Club de Golf de Panam\u00e1, en Brisas del Golf, seg\u00fan dio a conocer la Federaci\u00f3n Paname\u00f1a de Baloncesto.  <\/p>\n<p> La Pre-Selecci\u00f3n Nacional U15 Masculina estar\u00e1 a cargo del Director T\u00e9cnico Enrique Grenald, asistidos por Antonio &ldquo;To\u00f1ito&rdquo; Garc\u00eda, Nicanor &ldquo;Nicky&rdquo; Rivas.  <\/p>\n<p> La Pre-Selecci\u00f3n Nacional se prepara con miras al &ldquo;Campeonato Centrobasket U15 Masculino 2016&Prime; que tendr\u00e1 lugar del 24 al 28 de agosto en Patillas, Puerto Rico.  <\/p>\n","protected":false},"excerpt":{"rendered":"<p>La Pre-Selecci\u00f3n Nacional de Baloncesto U15 masculina inici\u00f3 en la <a href=\"https:\/\/sertv.gob.pa\/nacionalfm\/preseleccion-u15-de-baloncesto-inicia-entrenamientos\/\"> [&#8230;]<\/a><\/p>\n","protected":false},"author":1,"featured_media":14051,"comment_status":"closed","ping_status":"closed","sticky":false,"template":"","format":"standard","meta":{"footnotes":""},"categories":[4],"tags":[],"class_list":["post-14050","post","type-post","status-publish","format-standard","has-post-thumbnail","hentry","category-deportes"],"_links":{"self":[{"href":"https:\/\/sertv.gob.pa\/nacionalfm\/wp-json\/wp\/v2\/posts\/14050","targetHints":{"allow":["GET"]}}],"collection":[{"href":"https:\/\/sertv.gob.pa\/nacionalfm\/wp-json\/wp\/v2\/posts"}],"about":[{"href":"https:\/\/sertv.gob.pa\/nacionalfm\/wp-json\/wp\/v2\/types\/post"}],"author":[{"embeddable":true,"href":"https:\/\/sertv.gob.pa\/nacionalfm\/wp-json\/wp\/v2\/users\/1"}],"replies":[{"embeddable":true,"href":"https:\/\/sertv.gob.pa\/nacionalfm\/wp-json\/wp\/v2\/comments?post=14050"}],"version-history":[{"count":0,"href":"https:\/\/sertv.gob.pa\/nacionalfm\/wp-json\/wp\/v2\/posts\/14050\/revisions"}],"wp:featuredmedia":[{"embeddable":true,"href":"https:\/\/sertv.gob.pa\/nacionalfm\/wp-json\/wp\/v2\/media\/14051"}],"wp:attachment":[{"href":"https:\/\/sertv.gob.pa\/nacionalfm\/wp-json\/wp\/v2\/media?parent=14050"}],"wp:term":[{"taxonomy":"category","embeddable":true,"href":"https:\/\/sertv.gob.pa\/nacionalfm\/wp-json\/wp\/v2\/categories?post=14050"},{"taxonomy":"post_tag","embeddable":true,"href":"https:\/\/sertv.gob.pa\/nacionalfm\/wp-json\/wp\/v2\/tags?post=14050"}],"curies":[{"name":"wp","href":"https:\/\/api.w.org\/{rel}","templated":true}]}}