{"id":14054,"date":"2016-07-05T16:54:57","date_gmt":"2016-07-05T16:54:57","guid":{"rendered":""},"modified":"2016-07-05T16:54:57","modified_gmt":"2016-07-05T16:54:57","slug":"css-las-cumbres-incrementa-aplicacion-de-vacunas-contra-la-influenza","status":"publish","type":"post","link":"https:\/\/sertv.gob.pa\/nacionalfm\/css-las-cumbres-incrementa-aplicacion-de-vacunas-contra-la-influenza\/","title":{"rendered":"CSS Las Cumbres incrementa aplicaci\u00f3n de vacunas contra la Influenza"},"content":{"rendered":"<p>\n Un total de 200 vacunas diarias se est\u00e1n aplicando en la Unidad Local de Atenci\u00f3n Primaria en Salud de la Caja de Seguro Social, en Las Cumbres, ante la alerta sanitaria que vive el pa\u00eds, seg\u00fan dio a conocer, la directora m\u00e9dica de esta unidad ejecutora, Dra. Itzel P\u00e9rez.  <\/p>\n<p>La programaci\u00f3n inicial consist\u00eda en la aplicaci\u00f3n de 100 vacunas diarias, por lo que se han redoblado esfuerzos para que al presente, se dispongan de 100 unidades m\u00e1s, lo que es equivalente a que en la actualidad se apliquen 200 vacunas por d\u00eda. <\/p>\n<p> En general, ya han sido aplicadas 3 mil ochocientas vacunas en la ULAPS Las Cumbres, en lo que concierne al per\u00edodo de afectaci\u00f3n del virus AH1N1, como parte de las actividades de prevenci\u00f3n de esta enfermedad.  <\/p>\n<p> Si usted desea vacunarse, debe presentarse a esta instalaci\u00f3n de salud de lunes a viernes, desde las 6:00 de la ma\u00f1ana, para recibir uno de los 200 cupos que se distribuyen tempranamente, presentar c\u00e9dula, en los casos de infantes y adolescentes la c\u00e9dula juvenil y tarjeta de vacunas, concluy\u00f3 la doctora P\u00e9rez.  <\/p>\n","protected":false},"excerpt":{"rendered":"<p>Un total de 200 vacunas diarias se est\u00e1n aplicando en <a href=\"https:\/\/sertv.gob.pa\/nacionalfm\/css-las-cumbres-incrementa-aplicacion-de-vacunas-contra-la-influenza\/\"> [&#8230;]<\/a><\/p>\n","protected":false},"author":1,"featured_media":14055,"comment_status":"closed","ping_status":"closed","sticky":false,"template":"","format":"standard","meta":{"footnotes":""},"categories":[5],"tags":[],"class_list":["post-14054","post","type-post","status-publish","format-standard","has-post-thumbnail","hentry","category-salud"],"_links":{"self":[{"href":"https:\/\/sertv.gob.pa\/nacionalfm\/wp-json\/wp\/v2\/posts\/14054","targetHints":{"allow":["GET"]}}],"collection":[{"href":"https:\/\/sertv.gob.pa\/nacionalfm\/wp-json\/wp\/v2\/posts"}],"about":[{"href":"https:\/\/sertv.gob.pa\/nacionalfm\/wp-json\/wp\/v2\/types\/post"}],"author":[{"embeddable":true,"href":"https:\/\/sertv.gob.pa\/nacionalfm\/wp-json\/wp\/v2\/users\/1"}],"replies":[{"embeddable":true,"href":"https:\/\/sertv.gob.pa\/nacionalfm\/wp-json\/wp\/v2\/comments?post=14054"}],"version-history":[{"count":0,"href":"https:\/\/sertv.gob.pa\/nacionalfm\/wp-json\/wp\/v2\/posts\/14054\/revisions"}],"wp:featuredmedia":[{"embeddable":true,"href":"https:\/\/sertv.gob.pa\/nacionalfm\/wp-json\/wp\/v2\/media\/14055"}],"wp:attachment":[{"href":"https:\/\/sertv.gob.pa\/nacionalfm\/wp-json\/wp\/v2\/media?parent=14054"}],"wp:term":[{"taxonomy":"category","embeddable":true,"href":"https:\/\/sertv.gob.pa\/nacionalfm\/wp-json\/wp\/v2\/categories?post=14054"},{"taxonomy":"post_tag","embeddable":true,"href":"https:\/\/sertv.gob.pa\/nacionalfm\/wp-json\/wp\/v2\/tags?post=14054"}],"curies":[{"name":"wp","href":"https:\/\/api.w.org\/{rel}","templated":true}]}}