{"id":14060,"date":"2016-07-05T20:55:53","date_gmt":"2016-07-05T20:55:53","guid":{"rendered":""},"modified":"2016-07-05T20:55:53","modified_gmt":"2016-07-05T20:55:53","slug":"realizan-tercera-jornada-de-natacion-municipal","status":"publish","type":"post","link":"https:\/\/sertv.gob.pa\/nacionalfm\/realizan-tercera-jornada-de-natacion-municipal\/","title":{"rendered":"Realizan tercera jornada de Nataci\u00f3n Municipal"},"content":{"rendered":"<p>\nEl pasado s\u00e1bado se llev\u00f3 a cabo en la Piscina Municipal de San Francisco la tercera jornada de nataci\u00f3n municipal, en la cual, desde las 9:00 am, m\u00e1s de 400 ni\u00f1os y ni\u00f1as, de la categor\u00eda de novatos, cuyas edades est\u00e1n entre 5 y 17 a\u00f1os, compitieron en nado libre. Los otros estilos, mariposa y pecho, se complementaron en la tarde y el domingo. <\/p>\n<p>Esta actividad, que congreg\u00f3 a cerca de 250 padres, madres y abuelos de los atletas, cont\u00f3 con la participaci\u00f3n de un equipo organizador de 50 personas entre responsables, entrenadores, jueces, guardavidas, polic\u00edas municipales, trabajadores manuales y, especialmente por el grupo de jueces de la Asociaci\u00f3n Paname\u00f1a de Nataci\u00f3n, quienes le ofrecieron su aval a estas competencias. <\/p>\n<p>De acuerdo a Jaime Smith, coordinador de las Piscinas Municipales, esta es la tercera de las seis competencias anuales que se realizan en las piscinas municipales y representan un esfuerzo coordinado de la instituci\u00f3n municipal, ya que estos ni\u00f1os vienen del programa aprendo a nadar de los veranos, se integran a las competencias generales y provienen de todos los corregimientos del distrito capital. <\/p>\n<p>El Alcalde Jos\u00e9 Bland\u00f3n Figueroa, quien presenci\u00f3 gran parte de las competiciones, ponder\u00f3 al trabajo de los organizadores y, especialmente la disciplina y el \u00e1nimo de los ni\u00f1os y el esfuerzo y dedicaci\u00f3n de los padres, madres y abuelos por el apoyo que los ofrecen a sus ni\u00f1os para que participen en estos programas de nataci\u00f3n. <\/p>\n<p>\u00a0 <\/p>\n","protected":false},"excerpt":{"rendered":"<p>El pasado s\u00e1bado se llev\u00f3 a cabo en la Piscina <a href=\"https:\/\/sertv.gob.pa\/nacionalfm\/realizan-tercera-jornada-de-natacion-municipal\/\"> [&#8230;]<\/a><\/p>\n","protected":false},"author":1,"featured_media":14061,"comment_status":"closed","ping_status":"closed","sticky":false,"template":"","format":"standard","meta":{"footnotes":""},"categories":[4],"tags":[],"class_list":["post-14060","post","type-post","status-publish","format-standard","has-post-thumbnail","hentry","category-deportes"],"_links":{"self":[{"href":"https:\/\/sertv.gob.pa\/nacionalfm\/wp-json\/wp\/v2\/posts\/14060","targetHints":{"allow":["GET"]}}],"collection":[{"href":"https:\/\/sertv.gob.pa\/nacionalfm\/wp-json\/wp\/v2\/posts"}],"about":[{"href":"https:\/\/sertv.gob.pa\/nacionalfm\/wp-json\/wp\/v2\/types\/post"}],"author":[{"embeddable":true,"href":"https:\/\/sertv.gob.pa\/nacionalfm\/wp-json\/wp\/v2\/users\/1"}],"replies":[{"embeddable":true,"href":"https:\/\/sertv.gob.pa\/nacionalfm\/wp-json\/wp\/v2\/comments?post=14060"}],"version-history":[{"count":0,"href":"https:\/\/sertv.gob.pa\/nacionalfm\/wp-json\/wp\/v2\/posts\/14060\/revisions"}],"wp:featuredmedia":[{"embeddable":true,"href":"https:\/\/sertv.gob.pa\/nacionalfm\/wp-json\/wp\/v2\/media\/14061"}],"wp:attachment":[{"href":"https:\/\/sertv.gob.pa\/nacionalfm\/wp-json\/wp\/v2\/media?parent=14060"}],"wp:term":[{"taxonomy":"category","embeddable":true,"href":"https:\/\/sertv.gob.pa\/nacionalfm\/wp-json\/wp\/v2\/categories?post=14060"},{"taxonomy":"post_tag","embeddable":true,"href":"https:\/\/sertv.gob.pa\/nacionalfm\/wp-json\/wp\/v2\/tags?post=14060"}],"curies":[{"name":"wp","href":"https:\/\/api.w.org\/{rel}","templated":true}]}}