{"id":14064,"date":"2016-07-06T13:29:09","date_gmt":"2016-07-06T13:29:09","guid":{"rendered":""},"modified":"2016-07-06T13:29:09","modified_gmt":"2016-07-06T13:29:09","slug":"apple-anima-a-la-donacion-de-organos-a-traves-del-iphone","status":"publish","type":"post","link":"https:\/\/sertv.gob.pa\/nacionalfm\/apple-anima-a-la-donacion-de-organos-a-traves-del-iphone\/","title":{"rendered":"Apple anima a la donaci\u00f3n de \u00f3rganos a trav\u00e9s del iPhone"},"content":{"rendered":"<p>\nApple quiere alentar a millones de propietarios de \u00a0iPhone \u00a0a registrarse como donantes de \u00f3rganos a trav\u00e9s de una actualizaci\u00f3n de software que incluir\u00e1 un sencillo bot\u00f3n de inscripci\u00f3n en una app de salud preinstalada en cada smartphone de la firma. <\/p>\n<p>El director ejecutivo de\u00a0 Apple , Tim Cook, expres\u00f3 la esperanza de que la actualizaci\u00f3n de software ayude a aliviar una escasez de donaci\u00f3n de \u00f3rganos end\u00e9mica. El problema toc\u00f3 de cerca a la firma cuando su cofundador, \u00a0Steve Jobs , vivi\u00f3 una \u00abinsoportable\u00bb espera para un trasplante de h\u00edgado en 2009. <\/p>\n<p>\u00abMir\u00e1ndolo d\u00eda a d\u00eda, esperando sin saber. Me dej\u00f3 una impresi\u00f3n imborrable\u00bb, dijo Cook a la Associated Press. Estaba tan preocupado que le ofreci\u00f3 una parte de su propio h\u00edgado, pero Jobs se neg\u00f3 a aceptarlo. <\/p>\n<p>Jobs muri\u00f3 de c\u00e1ncer de p\u00e1ncreas en 2011, dos a\u00f1os despu\u00e9s de recibir un trasplante de h\u00edgado en Tennessee al que se atribuye el haber prolongado su vida. Se inscribi\u00f3 en ese estado cuando los m\u00e9dicos le dijeron que la lista de espera en California era demasiado larga. <\/p>\n<p>Ahora los promotores de las donaciones esperan que el nuevo m\u00e9todo resulte atractivo para los adultos j\u00f3venes que usan sus smartphones para toda clase de transacciones online. <\/p>\n<p>M\u00e1s de 120 mil personas en Estados Unidos esperan un trasplante de \u00f3rgano que les salve la vida y en promedio mueren 22 por d\u00eda sin haberlo recibido, seg\u00fan David Fleming, presidente de \u00a0Donate Life America , un registro nacional de donantes que colabora con Apple . <\/p>\n<p> Apple \u00a0agregar\u00e1 la opci\u00f3n para unirse al programa nacional estadounidense de donaci\u00f3n de \u00f3rganos dentro de la aplicaci\u00f3n Salud del \u00a0iPhone , que puede emplearse para gestionar una serie de datos sanitarios y de forma f\u00edsica. Esta opci\u00f3n se activar\u00e1 en los terminales basados en Estados Unidos cuando la empresa lance su nuevo sistema operativo m\u00f3vil este oto\u00f1o. <\/p>\n<p>\u00a0 <\/p>\n","protected":false},"excerpt":{"rendered":"<p>Apple quiere alentar a millones de propietarios de \u00a0iPhone \u00a0a <a href=\"https:\/\/sertv.gob.pa\/nacionalfm\/apple-anima-a-la-donacion-de-organos-a-traves-del-iphone\/\"> [&#8230;]<\/a><\/p>\n","protected":false},"author":1,"featured_media":14065,"comment_status":"closed","ping_status":"closed","sticky":false,"template":"","format":"standard","meta":{"footnotes":""},"categories":[5],"tags":[],"class_list":["post-14064","post","type-post","status-publish","format-standard","has-post-thumbnail","hentry","category-salud"],"_links":{"self":[{"href":"https:\/\/sertv.gob.pa\/nacionalfm\/wp-json\/wp\/v2\/posts\/14064","targetHints":{"allow":["GET"]}}],"collection":[{"href":"https:\/\/sertv.gob.pa\/nacionalfm\/wp-json\/wp\/v2\/posts"}],"about":[{"href":"https:\/\/sertv.gob.pa\/nacionalfm\/wp-json\/wp\/v2\/types\/post"}],"author":[{"embeddable":true,"href":"https:\/\/sertv.gob.pa\/nacionalfm\/wp-json\/wp\/v2\/users\/1"}],"replies":[{"embeddable":true,"href":"https:\/\/sertv.gob.pa\/nacionalfm\/wp-json\/wp\/v2\/comments?post=14064"}],"version-history":[{"count":0,"href":"https:\/\/sertv.gob.pa\/nacionalfm\/wp-json\/wp\/v2\/posts\/14064\/revisions"}],"wp:featuredmedia":[{"embeddable":true,"href":"https:\/\/sertv.gob.pa\/nacionalfm\/wp-json\/wp\/v2\/media\/14065"}],"wp:attachment":[{"href":"https:\/\/sertv.gob.pa\/nacionalfm\/wp-json\/wp\/v2\/media?parent=14064"}],"wp:term":[{"taxonomy":"category","embeddable":true,"href":"https:\/\/sertv.gob.pa\/nacionalfm\/wp-json\/wp\/v2\/categories?post=14064"},{"taxonomy":"post_tag","embeddable":true,"href":"https:\/\/sertv.gob.pa\/nacionalfm\/wp-json\/wp\/v2\/tags?post=14064"}],"curies":[{"name":"wp","href":"https:\/\/api.w.org\/{rel}","templated":true}]}}