{"id":14074,"date":"2016-07-06T16:03:30","date_gmt":"2016-07-06T16:03:30","guid":{"rendered":""},"modified":"2016-07-06T16:03:30","modified_gmt":"2016-07-06T16:03:30","slug":"kono-reconoce-peligrosidad-del-nica-pero-espera-superarlo","status":"publish","type":"post","link":"https:\/\/sertv.gob.pa\/nacionalfm\/kono-reconoce-peligrosidad-del-nica-pero-espera-superarlo\/","title":{"rendered":"Kono reconoce peligrosidad \u201cDel Nica\u201d, pero espera superarlo"},"content":{"rendered":"<p>\nEn definitiva el 31 de Agosto en el Ota City Gerneral Gymnasium de Tokio, Jap\u00f3n Luis &ldquo;El Nica&rdquo; Concepci\u00f3n disputar\u00e1 el t\u00edtulo en propiedad de los supermoscas de la Asociaci\u00f3n Mundial de Boxeo, el japon\u00e9s Kohei Kono. <\/p>\n<p> Para Kohei Kono, ser\u00e1 su cuarta defensa del t\u00edtulo que haya conquistado en marzo de 2014 en Korakuen Hall de Tokio, en donde logr\u00f3 noquear en el octavo round al tailand\u00e9s Denkaosen Kaovichit volteando todos los pron\u00f3sticos.  <\/p>\n<p> En la rueda de prensa, Kohei Kono dice que reconoce francamente la peligrosidad de Luis Concepci\u00f3n como un recio pegador capaz de tumbar a su oponente solo con un golpe. Pero, el campe\u00f3n mundial japon\u00e9s subraya resueltamente que tendr\u00e1 de vencer a Luis Concepci\u00f3n, quien es un rival bien vale la pena de derrotarlo. Kohei Kono propone firmemente con su santo esp\u00edritu combativo para propinarle una derrota a Luis Concepci\u00f3n para enriquecer todav\u00eda mas su cualidad pugil\u00edstica haciendo gala de demostrar su don de \u00ab! Quien soy yo!\u00bb a la hora de la verdad en el ring de Tokio.  <\/p>\n<p> precisamente en Ota City General Gymnasium, fracasando en la primera defensa del t\u00edtulo supermosca de la AMB que conquistaba en 2012 al acabar mediante un KO con el tailand\u00e9s Tepparith Kokietgym (Panthep Mullipoon).  <\/p>\n<p>Kohei Kono llego a ser campe\u00f3n mundial por vez primera en su tercera oportunidad ecum\u00e9nica tras dos fracasos frente al japon\u00e9s Nobuo Nashiro por decisi\u00f3n dividida en 2008 y frente al mexicano-veracruzano Tomas \u00abGusano\u00bb Rojas mediante una decisi\u00f3n un\u00e1nime en 2010 en Saitama, Jap\u00f3n. <\/p>\n<p>\u00a0 <\/p>\n","protected":false},"excerpt":{"rendered":"<p>En definitiva el 31 de Agosto en el Ota City <a href=\"https:\/\/sertv.gob.pa\/nacionalfm\/kono-reconoce-peligrosidad-del-nica-pero-espera-superarlo\/\"> [&#8230;]<\/a><\/p>\n","protected":false},"author":1,"featured_media":14075,"comment_status":"closed","ping_status":"closed","sticky":false,"template":"","format":"standard","meta":{"footnotes":""},"categories":[4],"tags":[],"class_list":["post-14074","post","type-post","status-publish","format-standard","has-post-thumbnail","hentry","category-deportes"],"_links":{"self":[{"href":"https:\/\/sertv.gob.pa\/nacionalfm\/wp-json\/wp\/v2\/posts\/14074","targetHints":{"allow":["GET"]}}],"collection":[{"href":"https:\/\/sertv.gob.pa\/nacionalfm\/wp-json\/wp\/v2\/posts"}],"about":[{"href":"https:\/\/sertv.gob.pa\/nacionalfm\/wp-json\/wp\/v2\/types\/post"}],"author":[{"embeddable":true,"href":"https:\/\/sertv.gob.pa\/nacionalfm\/wp-json\/wp\/v2\/users\/1"}],"replies":[{"embeddable":true,"href":"https:\/\/sertv.gob.pa\/nacionalfm\/wp-json\/wp\/v2\/comments?post=14074"}],"version-history":[{"count":0,"href":"https:\/\/sertv.gob.pa\/nacionalfm\/wp-json\/wp\/v2\/posts\/14074\/revisions"}],"wp:featuredmedia":[{"embeddable":true,"href":"https:\/\/sertv.gob.pa\/nacionalfm\/wp-json\/wp\/v2\/media\/14075"}],"wp:attachment":[{"href":"https:\/\/sertv.gob.pa\/nacionalfm\/wp-json\/wp\/v2\/media?parent=14074"}],"wp:term":[{"taxonomy":"category","embeddable":true,"href":"https:\/\/sertv.gob.pa\/nacionalfm\/wp-json\/wp\/v2\/categories?post=14074"},{"taxonomy":"post_tag","embeddable":true,"href":"https:\/\/sertv.gob.pa\/nacionalfm\/wp-json\/wp\/v2\/tags?post=14074"}],"curies":[{"name":"wp","href":"https:\/\/api.w.org\/{rel}","templated":true}]}}