{"id":14112,"date":"2016-07-08T13:40:47","date_gmt":"2016-07-08T13:40:47","guid":{"rendered":""},"modified":"2016-07-08T13:40:47","modified_gmt":"2016-07-08T13:40:47","slug":"extranjeros-se-han-inscrito-a-proceso-de-afiliacion-voluntaria-de-la-css","status":"publish","type":"post","link":"https:\/\/sertv.gob.pa\/nacionalfm\/extranjeros-se-han-inscrito-a-proceso-de-afiliacion-voluntaria-de-la-css\/","title":{"rendered":"Extranjeros se han inscrito a proceso de afiliaci\u00f3n voluntaria de la CSS"},"content":{"rendered":"<p>\n Con el Decreto Ejecutivo 167, que exige la afiliaci\u00f3n de seguro voluntario para el procedimiento de regulaci\u00f3n migratoria, unos 2, 916 extranjeros se han inscrito a la Caja de Seguro Social (CSS).  <\/p>\n<p>Esta cifra corresponde al registro desde el 6 de junio hasta el 30 de junio de este a\u00f1o, acorde a datos de Mar\u00eda Guill\u00e9n, directora nacional de Ingresos de la CSS. <\/p>\n<p> El procedimiento da comienzo con el pago de B\/.47.00 para los servicios m\u00e9dicos de salud, que incluyen laboratorio; despu\u00e9s pasa a una evaluaci\u00f3n por parte de la Comisi\u00f3n de Seguro Voluntario y a continuaci\u00f3n la notificaci\u00f3n mediante una resoluci\u00f3n que le da el derecho a la afiliaci\u00f3n para iniciar a pagar la facturaci\u00f3n de la cuota.  <\/p>\n<p>Guill\u00e9n se\u00f1al\u00f3, que desde el 6 de junio, cuando entr\u00f3 en vigencia el decreto, se est\u00e1n atendiendo 150 personas entre nacionales y extranjeros por d\u00eda. <\/p>\n<p> Cabe destacar, que las inscripciones est\u00e1n en tr\u00e1mites de aprobaci\u00f3n. El proceso toma tres meses para ser aceptadas o rechazadas.\u00a0  <\/p>\n","protected":false},"excerpt":{"rendered":"<p>Con el Decreto Ejecutivo 167, que exige la afiliaci\u00f3n de <a href=\"https:\/\/sertv.gob.pa\/nacionalfm\/extranjeros-se-han-inscrito-a-proceso-de-afiliacion-voluntaria-de-la-css\/\"> [&#8230;]<\/a><\/p>\n","protected":false},"author":1,"featured_media":14113,"comment_status":"closed","ping_status":"closed","sticky":false,"template":"","format":"standard","meta":{"footnotes":""},"categories":[5],"tags":[],"class_list":["post-14112","post","type-post","status-publish","format-standard","has-post-thumbnail","hentry","category-salud"],"_links":{"self":[{"href":"https:\/\/sertv.gob.pa\/nacionalfm\/wp-json\/wp\/v2\/posts\/14112","targetHints":{"allow":["GET"]}}],"collection":[{"href":"https:\/\/sertv.gob.pa\/nacionalfm\/wp-json\/wp\/v2\/posts"}],"about":[{"href":"https:\/\/sertv.gob.pa\/nacionalfm\/wp-json\/wp\/v2\/types\/post"}],"author":[{"embeddable":true,"href":"https:\/\/sertv.gob.pa\/nacionalfm\/wp-json\/wp\/v2\/users\/1"}],"replies":[{"embeddable":true,"href":"https:\/\/sertv.gob.pa\/nacionalfm\/wp-json\/wp\/v2\/comments?post=14112"}],"version-history":[{"count":0,"href":"https:\/\/sertv.gob.pa\/nacionalfm\/wp-json\/wp\/v2\/posts\/14112\/revisions"}],"wp:featuredmedia":[{"embeddable":true,"href":"https:\/\/sertv.gob.pa\/nacionalfm\/wp-json\/wp\/v2\/media\/14113"}],"wp:attachment":[{"href":"https:\/\/sertv.gob.pa\/nacionalfm\/wp-json\/wp\/v2\/media?parent=14112"}],"wp:term":[{"taxonomy":"category","embeddable":true,"href":"https:\/\/sertv.gob.pa\/nacionalfm\/wp-json\/wp\/v2\/categories?post=14112"},{"taxonomy":"post_tag","embeddable":true,"href":"https:\/\/sertv.gob.pa\/nacionalfm\/wp-json\/wp\/v2\/tags?post=14112"}],"curies":[{"name":"wp","href":"https:\/\/api.w.org\/{rel}","templated":true}]}}