{"id":14118,"date":"2016-07-08T15:05:16","date_gmt":"2016-07-08T15:05:16","guid":{"rendered":""},"modified":"2016-07-08T15:05:16","modified_gmt":"2016-07-08T15:05:16","slug":"confirman-participacion-de-eileen-grench-en-juegos-olimpicos","status":"publish","type":"post","link":"https:\/\/sertv.gob.pa\/nacionalfm\/confirman-participacion-de-eileen-grench-en-juegos-olimpicos\/","title":{"rendered":"Confirman participaci\u00f3n de Eileen Grench en Juegos Ol\u00edmpicos"},"content":{"rendered":"<p>\n Qued\u00f3 confirmada la participaci\u00f3n de la paname\u00f1a Eileen Grench en los Juegos Ol\u00edmpicos de R\u00edo 2016, en esgrima.  <\/p>\n<p> La paname\u00f1a obtuvo el cupo de la atleta dominicana que fue suspendida por la Federaci\u00f3n Internacional de Esgrima.  <\/p>\n","protected":false},"excerpt":{"rendered":"<p>Qued\u00f3 confirmada la participaci\u00f3n de la paname\u00f1a Eileen Grench en <a href=\"https:\/\/sertv.gob.pa\/nacionalfm\/confirman-participacion-de-eileen-grench-en-juegos-olimpicos\/\"> [&#8230;]<\/a><\/p>\n","protected":false},"author":1,"featured_media":14119,"comment_status":"closed","ping_status":"closed","sticky":false,"template":"","format":"standard","meta":{"footnotes":""},"categories":[4],"tags":[],"class_list":["post-14118","post","type-post","status-publish","format-standard","has-post-thumbnail","hentry","category-deportes"],"_links":{"self":[{"href":"https:\/\/sertv.gob.pa\/nacionalfm\/wp-json\/wp\/v2\/posts\/14118","targetHints":{"allow":["GET"]}}],"collection":[{"href":"https:\/\/sertv.gob.pa\/nacionalfm\/wp-json\/wp\/v2\/posts"}],"about":[{"href":"https:\/\/sertv.gob.pa\/nacionalfm\/wp-json\/wp\/v2\/types\/post"}],"author":[{"embeddable":true,"href":"https:\/\/sertv.gob.pa\/nacionalfm\/wp-json\/wp\/v2\/users\/1"}],"replies":[{"embeddable":true,"href":"https:\/\/sertv.gob.pa\/nacionalfm\/wp-json\/wp\/v2\/comments?post=14118"}],"version-history":[{"count":0,"href":"https:\/\/sertv.gob.pa\/nacionalfm\/wp-json\/wp\/v2\/posts\/14118\/revisions"}],"wp:featuredmedia":[{"embeddable":true,"href":"https:\/\/sertv.gob.pa\/nacionalfm\/wp-json\/wp\/v2\/media\/14119"}],"wp:attachment":[{"href":"https:\/\/sertv.gob.pa\/nacionalfm\/wp-json\/wp\/v2\/media?parent=14118"}],"wp:term":[{"taxonomy":"category","embeddable":true,"href":"https:\/\/sertv.gob.pa\/nacionalfm\/wp-json\/wp\/v2\/categories?post=14118"},{"taxonomy":"post_tag","embeddable":true,"href":"https:\/\/sertv.gob.pa\/nacionalfm\/wp-json\/wp\/v2\/tags?post=14118"}],"curies":[{"name":"wp","href":"https:\/\/api.w.org\/{rel}","templated":true}]}}