{"id":1412,"date":"2014-09-04T05:00:00","date_gmt":"2014-09-04T05:00:00","guid":{"rendered":""},"modified":"2014-09-04T05:00:00","modified_gmt":"2014-09-04T05:00:00","slug":"existe-carencia-de-tecnicos-en-salud-ocupacional-e-higiene-en-la-css","status":"publish","type":"post","link":"https:\/\/sertv.gob.pa\/nacionalfm\/existe-carencia-de-tecnicos-en-salud-ocupacional-e-higiene-en-la-css\/","title":{"rendered":"Existe carencia de t\u00e9cnicos en salud ocupacional e higiene en la CSS"},"content":{"rendered":"<p>\nLas autoridades de la Caja de Seguro Social (CSS), en la actualidad \u00a0tienen un d\u00e9ficit de t\u00e9cnicos en salud ocupacional e higiene, \u00a0puesto que cuentan con 50 de estos profesionales, pero requieren de otros 50. <\/p>\n<p>Sobre el particular, Mitzi V\u00e1squez, subdirectora nacional de Salud Ocupacional de la CSS, \u00a0dio a conocer, que en ese departamento existen197 funcionarios para atender las situaciones de riesgo que se registran en las empresas. No obstante, revel\u00f3 que necesitan m\u00e1s colaboradores, porque constantemente los t\u00e9cnicos prefieren irse a laborar en el sector privado por un mejor salario.\u00a0 @nacionalFm <\/p>\n","protected":false},"excerpt":{"rendered":"<p>Las autoridades de la Caja de Seguro Social (CSS), en <a href=\"https:\/\/sertv.gob.pa\/nacionalfm\/existe-carencia-de-tecnicos-en-salud-ocupacional-e-higiene-en-la-css\/\"> [&#8230;]<\/a><\/p>\n","protected":false},"author":1,"featured_media":1413,"comment_status":"closed","ping_status":"closed","sticky":false,"template":"","format":"standard","meta":{"footnotes":""},"categories":[5],"tags":[],"class_list":["post-1412","post","type-post","status-publish","format-standard","has-post-thumbnail","hentry","category-salud"],"_links":{"self":[{"href":"https:\/\/sertv.gob.pa\/nacionalfm\/wp-json\/wp\/v2\/posts\/1412","targetHints":{"allow":["GET"]}}],"collection":[{"href":"https:\/\/sertv.gob.pa\/nacionalfm\/wp-json\/wp\/v2\/posts"}],"about":[{"href":"https:\/\/sertv.gob.pa\/nacionalfm\/wp-json\/wp\/v2\/types\/post"}],"author":[{"embeddable":true,"href":"https:\/\/sertv.gob.pa\/nacionalfm\/wp-json\/wp\/v2\/users\/1"}],"replies":[{"embeddable":true,"href":"https:\/\/sertv.gob.pa\/nacionalfm\/wp-json\/wp\/v2\/comments?post=1412"}],"version-history":[{"count":0,"href":"https:\/\/sertv.gob.pa\/nacionalfm\/wp-json\/wp\/v2\/posts\/1412\/revisions"}],"wp:featuredmedia":[{"embeddable":true,"href":"https:\/\/sertv.gob.pa\/nacionalfm\/wp-json\/wp\/v2\/media\/1413"}],"wp:attachment":[{"href":"https:\/\/sertv.gob.pa\/nacionalfm\/wp-json\/wp\/v2\/media?parent=1412"}],"wp:term":[{"taxonomy":"category","embeddable":true,"href":"https:\/\/sertv.gob.pa\/nacionalfm\/wp-json\/wp\/v2\/categories?post=1412"},{"taxonomy":"post_tag","embeddable":true,"href":"https:\/\/sertv.gob.pa\/nacionalfm\/wp-json\/wp\/v2\/tags?post=1412"}],"curies":[{"name":"wp","href":"https:\/\/api.w.org\/{rel}","templated":true}]}}