{"id":14120,"date":"2016-07-08T15:27:49","date_gmt":"2016-07-08T15:27:49","guid":{"rendered":""},"modified":"2016-07-08T15:27:49","modified_gmt":"2016-07-08T15:27:49","slug":"confirman-revancha-chemito-moreno-ante-yamanaka","status":"publish","type":"post","link":"https:\/\/sertv.gob.pa\/nacionalfm\/confirman-revancha-chemito-moreno-ante-yamanaka\/","title":{"rendered":"Confirman revancha \u201cChemito\u201d Moreno ante Yamanaka"},"content":{"rendered":"<p>\nLa promotora japonesa Teiken, anunci\u00f3 que el campe\u00f3n mundial gallo del Consejo Mundial de Boxeo, el japon\u00e9s Shinsuke Yamanaka (25-0-2 y 17 KO), le dar\u00e1 la revancha al ex campe\u00f3n paname\u00f1o, Anselmo &ldquo;Chemito&rdquo; Moreno (36-4-1 y 12 KO), el pr\u00f3ximo 16 de septiembre, en la Arena EDION, de Osaka, Jap\u00f3n. <\/p>\n<p>El campe\u00f3n japon\u00e9s venci\u00f3 al paname\u00f1o despu\u00e9s de una apretada decisi\u00f3n un\u00e1nime en doce asaltos, el pasado mes de septiembre en Jap\u00f3n. Desde entonces, Moreno ha conseguido importantes triunfos que lo impulsaron a otra oportunidad mundialista contra Yamanaka.<br \/>\n\u00a0 <\/p>\n","protected":false},"excerpt":{"rendered":"<p>La promotora japonesa Teiken, anunci\u00f3 que el campe\u00f3n mundial gallo <a href=\"https:\/\/sertv.gob.pa\/nacionalfm\/confirman-revancha-chemito-moreno-ante-yamanaka\/\"> [&#8230;]<\/a><\/p>\n","protected":false},"author":1,"featured_media":14121,"comment_status":"closed","ping_status":"closed","sticky":false,"template":"","format":"standard","meta":{"footnotes":""},"categories":[4],"tags":[],"class_list":["post-14120","post","type-post","status-publish","format-standard","has-post-thumbnail","hentry","category-deportes"],"_links":{"self":[{"href":"https:\/\/sertv.gob.pa\/nacionalfm\/wp-json\/wp\/v2\/posts\/14120","targetHints":{"allow":["GET"]}}],"collection":[{"href":"https:\/\/sertv.gob.pa\/nacionalfm\/wp-json\/wp\/v2\/posts"}],"about":[{"href":"https:\/\/sertv.gob.pa\/nacionalfm\/wp-json\/wp\/v2\/types\/post"}],"author":[{"embeddable":true,"href":"https:\/\/sertv.gob.pa\/nacionalfm\/wp-json\/wp\/v2\/users\/1"}],"replies":[{"embeddable":true,"href":"https:\/\/sertv.gob.pa\/nacionalfm\/wp-json\/wp\/v2\/comments?post=14120"}],"version-history":[{"count":0,"href":"https:\/\/sertv.gob.pa\/nacionalfm\/wp-json\/wp\/v2\/posts\/14120\/revisions"}],"wp:featuredmedia":[{"embeddable":true,"href":"https:\/\/sertv.gob.pa\/nacionalfm\/wp-json\/wp\/v2\/media\/14121"}],"wp:attachment":[{"href":"https:\/\/sertv.gob.pa\/nacionalfm\/wp-json\/wp\/v2\/media?parent=14120"}],"wp:term":[{"taxonomy":"category","embeddable":true,"href":"https:\/\/sertv.gob.pa\/nacionalfm\/wp-json\/wp\/v2\/categories?post=14120"},{"taxonomy":"post_tag","embeddable":true,"href":"https:\/\/sertv.gob.pa\/nacionalfm\/wp-json\/wp\/v2\/tags?post=14120"}],"curies":[{"name":"wp","href":"https:\/\/api.w.org\/{rel}","templated":true}]}}