{"id":14134,"date":"2016-07-08T20:44:54","date_gmt":"2016-07-08T20:44:54","guid":{"rendered":""},"modified":"2016-07-08T20:44:54","modified_gmt":"2016-07-08T20:44:54","slug":"sparring-de-bylon-se-haran-en-horas-nocturnas","status":"publish","type":"post","link":"https:\/\/sertv.gob.pa\/nacionalfm\/sparring-de-bylon-se-haran-en-horas-nocturnas\/","title":{"rendered":"Sparring de Bylon se har\u00e1n en horas nocturnas"},"content":{"rendered":"<p>\nEl presidente de la Federaci\u00f3n de Boxeo Ol\u00edmpico de Panam\u00e1 Tom\u00e1s Cianca anunci\u00f3 a trav\u00e9s de Nacional FM la asignaci\u00f3n de un t\u00e9cnico para Atehyna Bylon, por parte del Comit\u00e9 Ol\u00edmpico de Panam\u00e1.\u00a0 <\/p>\n<p>Se trata del italiano Carmeline &ldquo;Nino&rdquo; Fracaso quien cuenta con un grado de tres estrellas, es uno de los expositores de los cursos del AIBA, para entrenadores de una y dos estrellas. <\/p>\n<p>Fracaso estuvo de asistente de Pedro Echeverr\u00eda cuando Atheyna Bylon gan\u00f3 el campeonato mundial. <\/p>\n<p>Los entrenamientos de Atheyna Bylon se trasladar\u00e1n \u00a0al gimnasio de la Polic\u00eda Nacional, en doble jornada, seg\u00fan revel\u00f3 a Nacional FM el presidente de la Federaci\u00f3n de Boxeo Ol\u00edmpico de Panam\u00e1.\u00a0 <\/p>\n<p>Seg\u00fan manifest\u00f3 el t\u00e9cnico Fracaso el trabajo de sparring se har\u00e1 en horas de la noche, porque en ese horario combatir\u00e1 Bylon, de modo de ir adecu\u00e1ndola. <\/p>\n<p>Para tales efectos se instal\u00f3 en el gimnasio de la Polic\u00eda Nacional un cuadril\u00e1tero.\u00a0 <\/p>\n","protected":false},"excerpt":{"rendered":"<p>El presidente de la Federaci\u00f3n de Boxeo Ol\u00edmpico de Panam\u00e1 <a href=\"https:\/\/sertv.gob.pa\/nacionalfm\/sparring-de-bylon-se-haran-en-horas-nocturnas\/\"> [&#8230;]<\/a><\/p>\n","protected":false},"author":1,"featured_media":14135,"comment_status":"closed","ping_status":"closed","sticky":false,"template":"","format":"standard","meta":{"footnotes":""},"categories":[4],"tags":[],"class_list":["post-14134","post","type-post","status-publish","format-standard","has-post-thumbnail","hentry","category-deportes"],"_links":{"self":[{"href":"https:\/\/sertv.gob.pa\/nacionalfm\/wp-json\/wp\/v2\/posts\/14134","targetHints":{"allow":["GET"]}}],"collection":[{"href":"https:\/\/sertv.gob.pa\/nacionalfm\/wp-json\/wp\/v2\/posts"}],"about":[{"href":"https:\/\/sertv.gob.pa\/nacionalfm\/wp-json\/wp\/v2\/types\/post"}],"author":[{"embeddable":true,"href":"https:\/\/sertv.gob.pa\/nacionalfm\/wp-json\/wp\/v2\/users\/1"}],"replies":[{"embeddable":true,"href":"https:\/\/sertv.gob.pa\/nacionalfm\/wp-json\/wp\/v2\/comments?post=14134"}],"version-history":[{"count":0,"href":"https:\/\/sertv.gob.pa\/nacionalfm\/wp-json\/wp\/v2\/posts\/14134\/revisions"}],"wp:featuredmedia":[{"embeddable":true,"href":"https:\/\/sertv.gob.pa\/nacionalfm\/wp-json\/wp\/v2\/media\/14135"}],"wp:attachment":[{"href":"https:\/\/sertv.gob.pa\/nacionalfm\/wp-json\/wp\/v2\/media?parent=14134"}],"wp:term":[{"taxonomy":"category","embeddable":true,"href":"https:\/\/sertv.gob.pa\/nacionalfm\/wp-json\/wp\/v2\/categories?post=14134"},{"taxonomy":"post_tag","embeddable":true,"href":"https:\/\/sertv.gob.pa\/nacionalfm\/wp-json\/wp\/v2\/tags?post=14134"}],"curies":[{"name":"wp","href":"https:\/\/api.w.org\/{rel}","templated":true}]}}