{"id":14136,"date":"2016-07-08T21:04:52","date_gmt":"2016-07-08T21:04:52","guid":{"rendered":""},"modified":"2016-07-08T21:04:52","modified_gmt":"2016-07-08T21:04:52","slug":"torneo-de-karate-inclusivo-internacional-en-panama","status":"publish","type":"post","link":"https:\/\/sertv.gob.pa\/nacionalfm\/torneo-de-karate-inclusivo-internacional-en-panama\/","title":{"rendered":"Torneo de Karate Inclusivo Internacional en Panam\u00e1"},"content":{"rendered":"<p>\n El sensei Eduardo Fr\u00edas anunci\u00f3 que en el mes de septiembre se llevar\u00e1 a cabo en el Roberto Dur\u00e1n de la ciudad de Panam\u00e1, el I Torneo Internacional de Karate Inclusivo.  <\/p>\n<p> En este torneo estar\u00e1n participando persona con discapacidad visual, auditiva, intelectual y f\u00edsica, de igual manera estar\u00e1n participando karatecas que no tienen ninguna concici\u00f3n de discapacidad.  <\/p>\n<p> Para mayores detalles el sensei Eduardo Fr\u00edas brindar\u00e1 una conferencia de prensa el pr\u00f3ximo 27 de julio a las 10:00 de la ma\u00f1ana en el Restaurante B Bubs, en calle Uruguay.  <\/p>\n","protected":false},"excerpt":{"rendered":"<p>El sensei Eduardo Fr\u00edas anunci\u00f3 que en el mes de <a href=\"https:\/\/sertv.gob.pa\/nacionalfm\/torneo-de-karate-inclusivo-internacional-en-panama\/\"> [&#8230;]<\/a><\/p>\n","protected":false},"author":1,"featured_media":14137,"comment_status":"closed","ping_status":"closed","sticky":false,"template":"","format":"standard","meta":{"footnotes":""},"categories":[4],"tags":[],"class_list":["post-14136","post","type-post","status-publish","format-standard","has-post-thumbnail","hentry","category-deportes"],"_links":{"self":[{"href":"https:\/\/sertv.gob.pa\/nacionalfm\/wp-json\/wp\/v2\/posts\/14136","targetHints":{"allow":["GET"]}}],"collection":[{"href":"https:\/\/sertv.gob.pa\/nacionalfm\/wp-json\/wp\/v2\/posts"}],"about":[{"href":"https:\/\/sertv.gob.pa\/nacionalfm\/wp-json\/wp\/v2\/types\/post"}],"author":[{"embeddable":true,"href":"https:\/\/sertv.gob.pa\/nacionalfm\/wp-json\/wp\/v2\/users\/1"}],"replies":[{"embeddable":true,"href":"https:\/\/sertv.gob.pa\/nacionalfm\/wp-json\/wp\/v2\/comments?post=14136"}],"version-history":[{"count":0,"href":"https:\/\/sertv.gob.pa\/nacionalfm\/wp-json\/wp\/v2\/posts\/14136\/revisions"}],"wp:featuredmedia":[{"embeddable":true,"href":"https:\/\/sertv.gob.pa\/nacionalfm\/wp-json\/wp\/v2\/media\/14137"}],"wp:attachment":[{"href":"https:\/\/sertv.gob.pa\/nacionalfm\/wp-json\/wp\/v2\/media?parent=14136"}],"wp:term":[{"taxonomy":"category","embeddable":true,"href":"https:\/\/sertv.gob.pa\/nacionalfm\/wp-json\/wp\/v2\/categories?post=14136"},{"taxonomy":"post_tag","embeddable":true,"href":"https:\/\/sertv.gob.pa\/nacionalfm\/wp-json\/wp\/v2\/tags?post=14136"}],"curies":[{"name":"wp","href":"https:\/\/api.w.org\/{rel}","templated":true}]}}