{"id":14150,"date":"2016-07-11T15:11:09","date_gmt":"2016-07-11T15:11:09","guid":{"rendered":""},"modified":"2016-07-11T15:11:09","modified_gmt":"2016-07-11T15:11:09","slug":"panama-gana-campeonato-en-voleibol-del-codicader","status":"publish","type":"post","link":"https:\/\/sertv.gob.pa\/nacionalfm\/panama-gana-campeonato-en-voleibol-del-codicader\/","title":{"rendered":"Panam\u00e1 gana campeonato en Voleibol del CODICADER"},"content":{"rendered":"<p>\n La Escuela Pedro J. Sosa se coron\u00f3 campe\u00f3n de los VIII Juegos Escolares Centroamericanos CODICADER, en el voleibol femenino, que se desarrolla en la ciudad de Orange Walk, Belice.  <\/p>\n<p> Las paname\u00f1as vencieron en un dif\u00edcil encuentro ante la selecci\u00f3n de Honduras por 2 sets a 1, con parciales de 25-19, 14-25 y 15-9.   <\/p>\n<p> Con esta victoria de las capitalinas, Panam\u00e1 conquista por primera vez\u00a0 el primer lugar en\u00a0 el voleibol femenino en\u00a0 Juegos\u00a0 CODICADER nivel primario.   <\/p>\n<p> El equipo campe\u00f3n lo integran: Daymisuri Palacios, Ivana Herrera, Angili Garc\u00eda, Yorlery Garc\u00eda, Joelis Jim\u00e9nez, Ruth Rivas, Yerileykis Herrera y Kimberley Humphry, capitana y abanderada de la delegaci\u00f3n, Eric Lucero y Cynthia Rivera, son los entrenadores.\u00a0  <\/p>\n","protected":false},"excerpt":{"rendered":"<p>La Escuela Pedro J. Sosa se coron\u00f3 campe\u00f3n de los <a href=\"https:\/\/sertv.gob.pa\/nacionalfm\/panama-gana-campeonato-en-voleibol-del-codicader\/\"> [&#8230;]<\/a><\/p>\n","protected":false},"author":1,"featured_media":14151,"comment_status":"closed","ping_status":"closed","sticky":false,"template":"","format":"standard","meta":{"footnotes":""},"categories":[4],"tags":[],"class_list":["post-14150","post","type-post","status-publish","format-standard","has-post-thumbnail","hentry","category-deportes"],"_links":{"self":[{"href":"https:\/\/sertv.gob.pa\/nacionalfm\/wp-json\/wp\/v2\/posts\/14150","targetHints":{"allow":["GET"]}}],"collection":[{"href":"https:\/\/sertv.gob.pa\/nacionalfm\/wp-json\/wp\/v2\/posts"}],"about":[{"href":"https:\/\/sertv.gob.pa\/nacionalfm\/wp-json\/wp\/v2\/types\/post"}],"author":[{"embeddable":true,"href":"https:\/\/sertv.gob.pa\/nacionalfm\/wp-json\/wp\/v2\/users\/1"}],"replies":[{"embeddable":true,"href":"https:\/\/sertv.gob.pa\/nacionalfm\/wp-json\/wp\/v2\/comments?post=14150"}],"version-history":[{"count":0,"href":"https:\/\/sertv.gob.pa\/nacionalfm\/wp-json\/wp\/v2\/posts\/14150\/revisions"}],"wp:featuredmedia":[{"embeddable":true,"href":"https:\/\/sertv.gob.pa\/nacionalfm\/wp-json\/wp\/v2\/media\/14151"}],"wp:attachment":[{"href":"https:\/\/sertv.gob.pa\/nacionalfm\/wp-json\/wp\/v2\/media?parent=14150"}],"wp:term":[{"taxonomy":"category","embeddable":true,"href":"https:\/\/sertv.gob.pa\/nacionalfm\/wp-json\/wp\/v2\/categories?post=14150"},{"taxonomy":"post_tag","embeddable":true,"href":"https:\/\/sertv.gob.pa\/nacionalfm\/wp-json\/wp\/v2\/tags?post=14150"}],"curies":[{"name":"wp","href":"https:\/\/api.w.org\/{rel}","templated":true}]}}