{"id":14202,"date":"2016-07-13T15:05:11","date_gmt":"2016-07-13T15:05:11","guid":{"rendered":""},"modified":"2016-07-13T15:05:11","modified_gmt":"2016-07-13T15:05:11","slug":"pandeportes-y-meduca-reciben-delegacion-de-codic-ader","status":"publish","type":"post","link":"https:\/\/sertv.gob.pa\/nacionalfm\/pandeportes-y-meduca-reciben-delegacion-de-codic-ader\/","title":{"rendered":"PANDEPORTES y MEDUCA reciben delegaci\u00f3n de CODIC ADER"},"content":{"rendered":"<p>\nLas autoridades del Instituto Paname\u00f1o de Deportes y el Ministerio de Educaci\u00f3n recibieron como h\u00e9roes \u00a0la delegaci\u00f3n de 72 atletas de Panam\u00e1 que participaron en los Juegos CODICACER nivel \u00a0primario celebrados en Belice. <\/p>\n<p>Encabezados por el director y el secretario general de PANDEPORTES, Roberto Arango y Mario P\u00e9rez, respectivamente y Petra Serrac\u00edn, directora de Panam\u00e1 Centro de MEDUCA, los atletas, adem\u00e1s de los entrenadores y delegados mostraron su alegr\u00eda de retornar al suelo patrio tras dejar en alto el nombre de Panam\u00e1 en esta justa estudiantil para ni\u00f1os de 11 y 12 a\u00f1os fueron recibidos como h\u00e9roes por las autoridades y familiares. <\/p>\n<p>El Director de PANDEPORTES resalt\u00f3 la importancia que estos estudiantes a su corta edad tienen la oportunidad de representar al pa\u00eds en un evento deportivo internacional, con lo que se est\u00e1 trabajando para contar con una s\u00f3lida reserva deportiva. <\/p>\n<p>Jerelhsa Williams, del equipo campe\u00f3n de Panam\u00e1 del f\u00fatbol, representado por la Escuela Justo Arosemena de Anc\u00f3n, y quien termin\u00f3 con ocho tantos como la mejor goleadora, con emoci\u00f3n dijo que fue una gran experiencia por lo que agradec\u00eda la oportunidad de representar a Panam\u00e1. <\/p>\n<p>Williams puntualiz\u00f3 que no fue f\u00e1cil, pero que el t\u00edtulo lo consiguieron por el trabajo en equipo y la preparaci\u00f3n que tuvieron y que esta ha sido el primer paso para cumplir su sue\u00f1o de cuando sea mayor jugar para la selecci\u00f3n nacional. <\/p>\n<p>Panam\u00e1 en esta justa adem\u00e1s del t\u00edtulo en el f\u00fatbol femenino, sumaron el primer lugar en el voleibol femenino con el representativo de la escuela Pedro J. Sosa, los segundos puestos en el baloncesto femenino y masculino con centros educativos Colegio Agustiniano de Herrera y la Academia Interamericana de Panam\u00e1 (AIP) y en tenis de mesa Sebastian Mendoza logr\u00f3 el segundo lugar. <\/p>\n","protected":false},"excerpt":{"rendered":"<p>Las autoridades del Instituto Paname\u00f1o de Deportes y el Ministerio <a href=\"https:\/\/sertv.gob.pa\/nacionalfm\/pandeportes-y-meduca-reciben-delegacion-de-codic-ader\/\"> [&#8230;]<\/a><\/p>\n","protected":false},"author":1,"featured_media":14203,"comment_status":"closed","ping_status":"closed","sticky":false,"template":"","format":"standard","meta":{"footnotes":""},"categories":[4],"tags":[],"class_list":["post-14202","post","type-post","status-publish","format-standard","has-post-thumbnail","hentry","category-deportes"],"_links":{"self":[{"href":"https:\/\/sertv.gob.pa\/nacionalfm\/wp-json\/wp\/v2\/posts\/14202","targetHints":{"allow":["GET"]}}],"collection":[{"href":"https:\/\/sertv.gob.pa\/nacionalfm\/wp-json\/wp\/v2\/posts"}],"about":[{"href":"https:\/\/sertv.gob.pa\/nacionalfm\/wp-json\/wp\/v2\/types\/post"}],"author":[{"embeddable":true,"href":"https:\/\/sertv.gob.pa\/nacionalfm\/wp-json\/wp\/v2\/users\/1"}],"replies":[{"embeddable":true,"href":"https:\/\/sertv.gob.pa\/nacionalfm\/wp-json\/wp\/v2\/comments?post=14202"}],"version-history":[{"count":0,"href":"https:\/\/sertv.gob.pa\/nacionalfm\/wp-json\/wp\/v2\/posts\/14202\/revisions"}],"wp:featuredmedia":[{"embeddable":true,"href":"https:\/\/sertv.gob.pa\/nacionalfm\/wp-json\/wp\/v2\/media\/14203"}],"wp:attachment":[{"href":"https:\/\/sertv.gob.pa\/nacionalfm\/wp-json\/wp\/v2\/media?parent=14202"}],"wp:term":[{"taxonomy":"category","embeddable":true,"href":"https:\/\/sertv.gob.pa\/nacionalfm\/wp-json\/wp\/v2\/categories?post=14202"},{"taxonomy":"post_tag","embeddable":true,"href":"https:\/\/sertv.gob.pa\/nacionalfm\/wp-json\/wp\/v2\/tags?post=14202"}],"curies":[{"name":"wp","href":"https:\/\/api.w.org\/{rel}","templated":true}]}}