{"id":14206,"date":"2016-07-13T15:43:40","date_gmt":"2016-07-13T15:43:40","guid":{"rendered":""},"modified":"2016-07-13T15:43:40","modified_gmt":"2016-07-13T15:43:40","slug":"panamenos-participan-en-curso-para-arbitros-de-futbol-de-concacaf","status":"publish","type":"post","link":"https:\/\/sertv.gob.pa\/nacionalfm\/panamenos-participan-en-curso-para-arbitros-de-futbol-de-concacaf\/","title":{"rendered":"Paname\u00f1os participan en curso para \u00e1rbitros de f\u00fatbol de CONCACAF"},"content":{"rendered":"<p>\nLos paname\u00f1os Jafeth Perea y Jos\u00e9 Kellhy, asistieron recientemente a un curso para \u00e1rbitros nivel 2 y \u00e1rbitros asistentes de la Confederaci\u00f3n de Norte y Centroam\u00e9rica y del Caribe de F\u00fatbol CONCACAF, como \u00e1rbitros asistentes participaron Ronald Bru\u00f1a, David Barr\u00eda y Juan Baines. <\/p>\n<p>Este evento finaliz\u00f3 el pasado fin de semana en Miami, Estados Unidos. <\/p>\n<p>En este curso los asistentes tuvieron la oportunidad de\u00a0recibir formaci\u00f3n te\u00f3rica y pr\u00e1ctica especial, centrada\u00a0en las t\u00e9cnicas, el acondicionamiento f\u00edsico, la comprensi\u00f3n y la lectura del partido, al tiempo que aumentar\u00e1 su conocimiento sobre c\u00f3mo hacer cumplir las Reglas de Juego. <\/p>\n<p>El jamaiquino\u00a0Peter Prendergast, ex \u00e1rbitro y hoy instructor FIFA de arbitraje, se\u00f1al\u00f3 que uno de los prop\u00f3sitos de este curso es el de \u00abhacer una evaluaci\u00f3n de estos \u00e1rbitros con el fin de prepararlos para las primeras rondas de la Liga de Campeones\u00bb. <\/p>\n","protected":false},"excerpt":{"rendered":"<p>Los paname\u00f1os Jafeth Perea y Jos\u00e9 Kellhy, asistieron recientemente a <a href=\"https:\/\/sertv.gob.pa\/nacionalfm\/panamenos-participan-en-curso-para-arbitros-de-futbol-de-concacaf\/\"> [&#8230;]<\/a><\/p>\n","protected":false},"author":1,"featured_media":14207,"comment_status":"closed","ping_status":"closed","sticky":false,"template":"","format":"standard","meta":{"footnotes":""},"categories":[4],"tags":[],"class_list":["post-14206","post","type-post","status-publish","format-standard","has-post-thumbnail","hentry","category-deportes"],"_links":{"self":[{"href":"https:\/\/sertv.gob.pa\/nacionalfm\/wp-json\/wp\/v2\/posts\/14206","targetHints":{"allow":["GET"]}}],"collection":[{"href":"https:\/\/sertv.gob.pa\/nacionalfm\/wp-json\/wp\/v2\/posts"}],"about":[{"href":"https:\/\/sertv.gob.pa\/nacionalfm\/wp-json\/wp\/v2\/types\/post"}],"author":[{"embeddable":true,"href":"https:\/\/sertv.gob.pa\/nacionalfm\/wp-json\/wp\/v2\/users\/1"}],"replies":[{"embeddable":true,"href":"https:\/\/sertv.gob.pa\/nacionalfm\/wp-json\/wp\/v2\/comments?post=14206"}],"version-history":[{"count":0,"href":"https:\/\/sertv.gob.pa\/nacionalfm\/wp-json\/wp\/v2\/posts\/14206\/revisions"}],"wp:featuredmedia":[{"embeddable":true,"href":"https:\/\/sertv.gob.pa\/nacionalfm\/wp-json\/wp\/v2\/media\/14207"}],"wp:attachment":[{"href":"https:\/\/sertv.gob.pa\/nacionalfm\/wp-json\/wp\/v2\/media?parent=14206"}],"wp:term":[{"taxonomy":"category","embeddable":true,"href":"https:\/\/sertv.gob.pa\/nacionalfm\/wp-json\/wp\/v2\/categories?post=14206"},{"taxonomy":"post_tag","embeddable":true,"href":"https:\/\/sertv.gob.pa\/nacionalfm\/wp-json\/wp\/v2\/tags?post=14206"}],"curies":[{"name":"wp","href":"https:\/\/api.w.org\/{rel}","templated":true}]}}