{"id":14208,"date":"2016-07-13T16:06:43","date_gmt":"2016-07-13T16:06:43","guid":{"rendered":""},"modified":"2016-07-13T16:06:43","modified_gmt":"2016-07-13T16:06:43","slug":"apertura-de-la-lpf-inicia-este-vieres-con-tres-partidos","status":"publish","type":"post","link":"https:\/\/sertv.gob.pa\/nacionalfm\/apertura-de-la-lpf-inicia-este-vieres-con-tres-partidos\/","title":{"rendered":"Apertura de la LPF inicia este viernes con tres partidos"},"content":{"rendered":"<p>\nEste viernes 15 de julio se jugar\u00e1n tres partidos en el inicio del Torneo de Apertura de la Liga Paname\u00f1a de F\u00fatbol. <\/p>\n<p>La primer jornada del torneo inluye dos partidos m\u00e1s el d\u00eda domingo, entre los que destaca el debut del campe\u00f3n defensor, el Plaza Amador, ante el Alianza FC en el estadio \u00d3scar Suman Carrillo de la Universidad de Panam\u00e1, desde las 5 de la tarde. <\/p>\n<p>Los partidos del viernes ser\u00e1n el del Tauro FC ante el Sd Atl\u00e9tico Verag\u00fcense, equipo que ocupa el cupo del Chepo FC en la LPF. <\/p>\n<p>En el Armando Dely Vald\u00e9s de Col\u00f3n, el \u00c1rabe Unido, once que ocupa la mayor cantidad de t\u00edtulos en el f\u00fatbol nacional con\u00a0 14, reciebe al San Francisco FC. <\/p>\n<p>Por \u00faltimo, SD Atl\u00e9tico Nacional se medir\u00e1, en el estadio Maracan\u00e1 de El Chorrillo, al ascendido Santa Gema FC en el que representa el debut de los de Arraij\u00e1n en la m\u00e1xima categor\u00eda del f\u00fatbol paname\u00f1o. <\/p>\n<p>Todos los encuentros del viernes inician a las 9 de la noche. <\/p>\n<p>\u00a0 <\/p>\n","protected":false},"excerpt":{"rendered":"<p>Este viernes 15 de julio se jugar\u00e1n tres partidos en <a href=\"https:\/\/sertv.gob.pa\/nacionalfm\/apertura-de-la-lpf-inicia-este-vieres-con-tres-partidos\/\"> [&#8230;]<\/a><\/p>\n","protected":false},"author":1,"featured_media":14209,"comment_status":"closed","ping_status":"closed","sticky":false,"template":"","format":"standard","meta":{"footnotes":""},"categories":[4],"tags":[],"class_list":["post-14208","post","type-post","status-publish","format-standard","has-post-thumbnail","hentry","category-deportes"],"_links":{"self":[{"href":"https:\/\/sertv.gob.pa\/nacionalfm\/wp-json\/wp\/v2\/posts\/14208","targetHints":{"allow":["GET"]}}],"collection":[{"href":"https:\/\/sertv.gob.pa\/nacionalfm\/wp-json\/wp\/v2\/posts"}],"about":[{"href":"https:\/\/sertv.gob.pa\/nacionalfm\/wp-json\/wp\/v2\/types\/post"}],"author":[{"embeddable":true,"href":"https:\/\/sertv.gob.pa\/nacionalfm\/wp-json\/wp\/v2\/users\/1"}],"replies":[{"embeddable":true,"href":"https:\/\/sertv.gob.pa\/nacionalfm\/wp-json\/wp\/v2\/comments?post=14208"}],"version-history":[{"count":0,"href":"https:\/\/sertv.gob.pa\/nacionalfm\/wp-json\/wp\/v2\/posts\/14208\/revisions"}],"wp:featuredmedia":[{"embeddable":true,"href":"https:\/\/sertv.gob.pa\/nacionalfm\/wp-json\/wp\/v2\/media\/14209"}],"wp:attachment":[{"href":"https:\/\/sertv.gob.pa\/nacionalfm\/wp-json\/wp\/v2\/media?parent=14208"}],"wp:term":[{"taxonomy":"category","embeddable":true,"href":"https:\/\/sertv.gob.pa\/nacionalfm\/wp-json\/wp\/v2\/categories?post=14208"},{"taxonomy":"post_tag","embeddable":true,"href":"https:\/\/sertv.gob.pa\/nacionalfm\/wp-json\/wp\/v2\/tags?post=14208"}],"curies":[{"name":"wp","href":"https:\/\/api.w.org\/{rel}","templated":true}]}}