{"id":14212,"date":"2016-07-13T16:39:32","date_gmt":"2016-07-13T16:39:32","guid":{"rendered":""},"modified":"2016-07-13T16:39:32","modified_gmt":"2016-07-13T16:39:32","slug":"arbitro-panameno-julio-anaya-en-curso-de-arbitraje-de-la-nba","status":"publish","type":"post","link":"https:\/\/sertv.gob.pa\/nacionalfm\/arbitro-panameno-julio-anaya-en-curso-de-arbitraje-de-la-nba\/","title":{"rendered":"\u00c1rbitro paname\u00f1o Julio Anaya en curso de arbitraje de la NBA"},"content":{"rendered":"<p>\nEl joven \u00e1rbitro paname\u00f1o Julio Anaya viaj\u00f3 a la ciudad de Las Vegas, Estado de Nevada; en los Estados Unidos para participar del Campamento de Arbitraje de Verano de la NBA que se desarroll\u00f3 del 6 al 12 de julio. <\/p>\n<p>Este evento se realiz\u00f3 en el Hotel Cosmopolitan en donde estuvieron hospedados los \u00e1rbitros participantes y de igual manera realizaron \u00a0todas las sesiones. <\/p>\n<p>El compatriota Anaya estuvo arbitrando del 7 al 11 de julio en un Torneo llamado &ldquo;GLOBAL GAMES&rdquo; en el que los jugadores son mostrados ante &ldquo;scouts&rdquo; busca talentos de organizaciones en ligas de todas partes del mundo. <\/p>\n<p>En esta competencia, estuvieron \u00a0acompa\u00f1ados de un \u00e1rbitro de la Liga de Desarrollo de la NBA (NBA D-League) junto a otro \u00e1rbitro internacional. <\/p>\n<p>\u00a0 <\/p>\n","protected":false},"excerpt":{"rendered":"<p>El joven \u00e1rbitro paname\u00f1o Julio Anaya viaj\u00f3 a la ciudad <a href=\"https:\/\/sertv.gob.pa\/nacionalfm\/arbitro-panameno-julio-anaya-en-curso-de-arbitraje-de-la-nba\/\"> [&#8230;]<\/a><\/p>\n","protected":false},"author":1,"featured_media":14213,"comment_status":"closed","ping_status":"closed","sticky":false,"template":"","format":"standard","meta":{"footnotes":""},"categories":[4],"tags":[],"class_list":["post-14212","post","type-post","status-publish","format-standard","has-post-thumbnail","hentry","category-deportes"],"_links":{"self":[{"href":"https:\/\/sertv.gob.pa\/nacionalfm\/wp-json\/wp\/v2\/posts\/14212","targetHints":{"allow":["GET"]}}],"collection":[{"href":"https:\/\/sertv.gob.pa\/nacionalfm\/wp-json\/wp\/v2\/posts"}],"about":[{"href":"https:\/\/sertv.gob.pa\/nacionalfm\/wp-json\/wp\/v2\/types\/post"}],"author":[{"embeddable":true,"href":"https:\/\/sertv.gob.pa\/nacionalfm\/wp-json\/wp\/v2\/users\/1"}],"replies":[{"embeddable":true,"href":"https:\/\/sertv.gob.pa\/nacionalfm\/wp-json\/wp\/v2\/comments?post=14212"}],"version-history":[{"count":0,"href":"https:\/\/sertv.gob.pa\/nacionalfm\/wp-json\/wp\/v2\/posts\/14212\/revisions"}],"wp:featuredmedia":[{"embeddable":true,"href":"https:\/\/sertv.gob.pa\/nacionalfm\/wp-json\/wp\/v2\/media\/14213"}],"wp:attachment":[{"href":"https:\/\/sertv.gob.pa\/nacionalfm\/wp-json\/wp\/v2\/media?parent=14212"}],"wp:term":[{"taxonomy":"category","embeddable":true,"href":"https:\/\/sertv.gob.pa\/nacionalfm\/wp-json\/wp\/v2\/categories?post=14212"},{"taxonomy":"post_tag","embeddable":true,"href":"https:\/\/sertv.gob.pa\/nacionalfm\/wp-json\/wp\/v2\/tags?post=14212"}],"curies":[{"name":"wp","href":"https:\/\/api.w.org\/{rel}","templated":true}]}}