{"id":14260,"date":"2016-07-15T15:55:23","date_gmt":"2016-07-15T15:55:23","guid":{"rendered":""},"modified":"2016-07-15T15:55:23","modified_gmt":"2016-07-15T15:55:23","slug":"continua-dominio-de-panamenos-en-las-130-libras-de-la-amb","status":"publish","type":"post","link":"https:\/\/sertv.gob.pa\/nacionalfm\/continua-dominio-de-panamenos-en-las-130-libras-de-la-amb\/","title":{"rendered":"Contin\u00faa dominio de paname\u00f1os en las 130 libras de la AMB"},"content":{"rendered":"<p>\nContin\u00faan los paname\u00f1os dominando las 130 libras, superplumas de la Asociaci\u00f3n Mundial de Boxeo, con la supremac\u00eda del supercampe\u00f3n Jezrrel &ldquo;El Invisible&rdquo; Corrales. <\/p>\n<p>&ldquo;El Ol\u00edmpic&rdquo; Juan Huertas ocupa la cajilla n\u00famero 9, el invicto Jaime Arboleda la n\u00famero 12 y en el caj\u00f3n 13 se encuentra el chorrerano Ricardo &ldquo;El Cient\u00edfico&rdquo; N\u00fa\u00f1ez. <\/p>\n<p>Otros paname\u00f1os clasificados en este mes en la AMB son Guillermo &ldquo;El Felino&rdquo; Jones de 15 en los pesos pesados, en los pesos plumas el invicto chiricano Bryan De Gracia n\u00famero 7, en los pesos gallos el ex campe\u00f3n mundial minimosca y mosca se ubica en la posici\u00f3n n\u00famero 9. <\/p>\n<p>Luis &ldquo;El Nica&rdquo; Concepci\u00f3n campe\u00f3n interino de la AMB, ocupa la casilla n\u00famero 1 de los supermoscas, en los minimoscas Luis &ldquo;Pan Blanco&rdquo; R\u00edos es el n\u00famero 11 y en los pesos m\u00ednimos Azael Villar es el retador n\u00famero 13 y Leroy &ldquo;El Sensacional&rdquo; Estrada es el n\u00famero 15. <\/p>\n","protected":false},"excerpt":{"rendered":"<p>Contin\u00faan los paname\u00f1os dominando las 130 libras, superplumas de la <a href=\"https:\/\/sertv.gob.pa\/nacionalfm\/continua-dominio-de-panamenos-en-las-130-libras-de-la-amb\/\"> [&#8230;]<\/a><\/p>\n","protected":false},"author":1,"featured_media":14261,"comment_status":"closed","ping_status":"closed","sticky":false,"template":"","format":"standard","meta":{"footnotes":""},"categories":[4],"tags":[],"class_list":["post-14260","post","type-post","status-publish","format-standard","has-post-thumbnail","hentry","category-deportes"],"_links":{"self":[{"href":"https:\/\/sertv.gob.pa\/nacionalfm\/wp-json\/wp\/v2\/posts\/14260","targetHints":{"allow":["GET"]}}],"collection":[{"href":"https:\/\/sertv.gob.pa\/nacionalfm\/wp-json\/wp\/v2\/posts"}],"about":[{"href":"https:\/\/sertv.gob.pa\/nacionalfm\/wp-json\/wp\/v2\/types\/post"}],"author":[{"embeddable":true,"href":"https:\/\/sertv.gob.pa\/nacionalfm\/wp-json\/wp\/v2\/users\/1"}],"replies":[{"embeddable":true,"href":"https:\/\/sertv.gob.pa\/nacionalfm\/wp-json\/wp\/v2\/comments?post=14260"}],"version-history":[{"count":0,"href":"https:\/\/sertv.gob.pa\/nacionalfm\/wp-json\/wp\/v2\/posts\/14260\/revisions"}],"wp:featuredmedia":[{"embeddable":true,"href":"https:\/\/sertv.gob.pa\/nacionalfm\/wp-json\/wp\/v2\/media\/14261"}],"wp:attachment":[{"href":"https:\/\/sertv.gob.pa\/nacionalfm\/wp-json\/wp\/v2\/media?parent=14260"}],"wp:term":[{"taxonomy":"category","embeddable":true,"href":"https:\/\/sertv.gob.pa\/nacionalfm\/wp-json\/wp\/v2\/categories?post=14260"},{"taxonomy":"post_tag","embeddable":true,"href":"https:\/\/sertv.gob.pa\/nacionalfm\/wp-json\/wp\/v2\/tags?post=14260"}],"curies":[{"name":"wp","href":"https:\/\/api.w.org\/{rel}","templated":true}]}}