{"id":14262,"date":"2016-07-15T16:12:47","date_gmt":"2016-07-15T16:12:47","guid":{"rendered":""},"modified":"2016-07-15T16:12:47","modified_gmt":"2016-07-15T16:12:47","slug":"el-artes-y-escuela-profesional-clasifican-en-copa-disney","status":"publish","type":"post","link":"https:\/\/sertv.gob.pa\/nacionalfm\/el-artes-y-escuela-profesional-clasifican-en-copa-disney\/","title":{"rendered":"El Artes y Escuela Profesional clasifican en Copa Disney"},"content":{"rendered":"<p>\nLos equipos de f\u00fatbol de del colegio Artes y Oficios Melchor Lasso De La Vega, en la categor\u00eda sub-16, y de la Escuela Profesional Isabel Herrera de Obald\u00eda, en la sub-19, clasificaron este jueves a las semifinales de la Copa Disney, que se disputa en el Complex ESPN Wide World of Sport de Florida, Estados Unidos. <\/p>\n<p> El conjunto artesano venci\u00f3 4 goles por 1 a su similar Villa Andaluc\u00eda, de Puerto Rico, dejando su marca en 3 victorias y una derrota, con 9 goles a favor y 7 en contra.  <\/p>\n<p> En tanto, el equipo de la Escuela Profesional Isabel Herrera de Obald\u00eda alcanz\u00f3 su clasificaci\u00f3n al vencer 4 goles por 2 al Colegio Calasanz, de Costa Rica.  <\/p>\n<p> Ma\u00f1ana, estos dos conjuntos- clasificados e invictos- disputar\u00e1n la \u00faltima fecha de la ronda regular para definir a sus rivales en semifinales.  <\/p>\n","protected":false},"excerpt":{"rendered":"<p>Los equipos de f\u00fatbol de del colegio Artes y Oficios <a href=\"https:\/\/sertv.gob.pa\/nacionalfm\/el-artes-y-escuela-profesional-clasifican-en-copa-disney\/\"> [&#8230;]<\/a><\/p>\n","protected":false},"author":1,"featured_media":14263,"comment_status":"closed","ping_status":"closed","sticky":false,"template":"","format":"standard","meta":{"footnotes":""},"categories":[4],"tags":[],"class_list":["post-14262","post","type-post","status-publish","format-standard","has-post-thumbnail","hentry","category-deportes"],"_links":{"self":[{"href":"https:\/\/sertv.gob.pa\/nacionalfm\/wp-json\/wp\/v2\/posts\/14262","targetHints":{"allow":["GET"]}}],"collection":[{"href":"https:\/\/sertv.gob.pa\/nacionalfm\/wp-json\/wp\/v2\/posts"}],"about":[{"href":"https:\/\/sertv.gob.pa\/nacionalfm\/wp-json\/wp\/v2\/types\/post"}],"author":[{"embeddable":true,"href":"https:\/\/sertv.gob.pa\/nacionalfm\/wp-json\/wp\/v2\/users\/1"}],"replies":[{"embeddable":true,"href":"https:\/\/sertv.gob.pa\/nacionalfm\/wp-json\/wp\/v2\/comments?post=14262"}],"version-history":[{"count":0,"href":"https:\/\/sertv.gob.pa\/nacionalfm\/wp-json\/wp\/v2\/posts\/14262\/revisions"}],"wp:featuredmedia":[{"embeddable":true,"href":"https:\/\/sertv.gob.pa\/nacionalfm\/wp-json\/wp\/v2\/media\/14263"}],"wp:attachment":[{"href":"https:\/\/sertv.gob.pa\/nacionalfm\/wp-json\/wp\/v2\/media?parent=14262"}],"wp:term":[{"taxonomy":"category","embeddable":true,"href":"https:\/\/sertv.gob.pa\/nacionalfm\/wp-json\/wp\/v2\/categories?post=14262"},{"taxonomy":"post_tag","embeddable":true,"href":"https:\/\/sertv.gob.pa\/nacionalfm\/wp-json\/wp\/v2\/tags?post=14262"}],"curies":[{"name":"wp","href":"https:\/\/api.w.org\/{rel}","templated":true}]}}