{"id":14294,"date":"2016-07-18T15:42:29","date_gmt":"2016-07-18T15:42:29","guid":{"rendered":""},"modified":"2016-07-18T15:42:29","modified_gmt":"2016-07-18T15:42:29","slug":"escuela-profesional-campeona-de-copa-disney","status":"publish","type":"post","link":"https:\/\/sertv.gob.pa\/nacionalfm\/escuela-profesional-campeona-de-copa-disney\/","title":{"rendered":"Escuela Profesional campeona de Copa Disney"},"content":{"rendered":"<p>\nEl equipo Sub-19 de la Escuela Profesional Isabel Herrera Obald\u00eda representativo de Panam\u00e1 se coron\u00f3 campe\u00f3n en condici\u00f3n de invicto \u00a0de la Copa Disney de F\u00fatbol al derrotar 5-0 al Hilal A. Quds de palestina en la final que se disput\u00f3 este domingo en el Complex ESPN Wide World of Sport de Florida, Estados Unidos. <\/p>\n<p>Eduardo Bellido en dos ocasiones y Milciades L\u00f3pez, Sime\u00f3n De Le\u00f3n, Oliver Beckles, fueron los paname\u00f1os que anotaron los goles para conquistar para Panam\u00e1 la codiciada Copa Disney. De paso el capit\u00e1n del equipo Sime\u00f3n De Le\u00f3n logr\u00f3 convertirse en el goleador del torneo con 6 dianas. <\/p>\n<p>Por su parte, el Artes y Oficios Melchor Lasso de la Vega, el representante de Panam\u00e1 en la categor\u00eda sub-16 cay\u00f3 ante el Metropolitano de Venezuela 4-1 qued\u00e1ndose con el subcampeonato de esta categor\u00eda. El descuento paname\u00f1o fue por conducto de Gian Tejada, goleador de su equipo con 6 goles. <\/p>\n<p>Ambos partidos fueron presenciados por el Presidente de la Rep\u00fablica Juan Carlos Varela Rodr\u00edguez y el director general de PANDEPORTES \u00a0Roberto Arango quienes no dejaron de animar a los chicos. <\/p>\n<p>\u00a0 <\/p>\n","protected":false},"excerpt":{"rendered":"<p>El equipo Sub-19 de la Escuela Profesional Isabel Herrera Obald\u00eda <a href=\"https:\/\/sertv.gob.pa\/nacionalfm\/escuela-profesional-campeona-de-copa-disney\/\"> [&#8230;]<\/a><\/p>\n","protected":false},"author":1,"featured_media":14295,"comment_status":"closed","ping_status":"closed","sticky":false,"template":"","format":"standard","meta":{"footnotes":""},"categories":[4],"tags":[],"class_list":["post-14294","post","type-post","status-publish","format-standard","has-post-thumbnail","hentry","category-deportes"],"_links":{"self":[{"href":"https:\/\/sertv.gob.pa\/nacionalfm\/wp-json\/wp\/v2\/posts\/14294","targetHints":{"allow":["GET"]}}],"collection":[{"href":"https:\/\/sertv.gob.pa\/nacionalfm\/wp-json\/wp\/v2\/posts"}],"about":[{"href":"https:\/\/sertv.gob.pa\/nacionalfm\/wp-json\/wp\/v2\/types\/post"}],"author":[{"embeddable":true,"href":"https:\/\/sertv.gob.pa\/nacionalfm\/wp-json\/wp\/v2\/users\/1"}],"replies":[{"embeddable":true,"href":"https:\/\/sertv.gob.pa\/nacionalfm\/wp-json\/wp\/v2\/comments?post=14294"}],"version-history":[{"count":0,"href":"https:\/\/sertv.gob.pa\/nacionalfm\/wp-json\/wp\/v2\/posts\/14294\/revisions"}],"wp:featuredmedia":[{"embeddable":true,"href":"https:\/\/sertv.gob.pa\/nacionalfm\/wp-json\/wp\/v2\/media\/14295"}],"wp:attachment":[{"href":"https:\/\/sertv.gob.pa\/nacionalfm\/wp-json\/wp\/v2\/media?parent=14294"}],"wp:term":[{"taxonomy":"category","embeddable":true,"href":"https:\/\/sertv.gob.pa\/nacionalfm\/wp-json\/wp\/v2\/categories?post=14294"},{"taxonomy":"post_tag","embeddable":true,"href":"https:\/\/sertv.gob.pa\/nacionalfm\/wp-json\/wp\/v2\/tags?post=14294"}],"curies":[{"name":"wp","href":"https:\/\/api.w.org\/{rel}","templated":true}]}}