{"id":143,"date":"2014-07-07T05:00:00","date_gmt":"2014-07-07T05:00:00","guid":{"rendered":""},"modified":"2014-07-07T05:00:00","modified_gmt":"2014-07-07T05:00:00","slug":"en-panama-oeste-el-dengue-esta-bajando","status":"publish","type":"post","link":"https:\/\/sertv.gob.pa\/nacionalfm\/en-panama-oeste-el-dengue-esta-bajando\/","title":{"rendered":"En Panam\u00e1 Oeste el dengue est\u00e1 bajando"},"content":{"rendered":"<p>\nEpidemi\u00f3logos de la provincia de Panam\u00e1 Oeste y autoridades del Instituto Conmemorativo Gorgas, responsable de la liberaci\u00f3n del transg\u00e9nico del Aedes aegypti en tres comunidades de Arraij\u00e1n, manejan con optimismo la disminuci\u00f3n, durante las \u00faltimas semanas, de las cifras de incidencia de dengue en la mencionada regi\u00f3n. <\/p>\n<p>Tal disminuci\u00f3n sistem\u00e1tica se debe a que muchos ciudadanos tomaron conciencia del problema y decidieron cooperar con las entidades de salud; a la aplicaci\u00f3n de sanciones a due\u00f1os de residencias y comercios que reincidieron manteniendo criaderos; e igualmente, a que las lluvias no han sido tan intensas como lo fueron a la entrada de la estaci\u00f3n lluviosa, destac\u00f3 el jefe del Ministerio de Salud (Minsa) en la zona, doctor Jorge Oro. <\/p>\n<p>La epidemi\u00f3loga Cristina G\u00f3mez, quien tambi\u00e9n es responsable de las estad\u00edsticas de la zona, confirm\u00f3 que la presencia del dengue pr\u00e1cticamente se ha mantenido est\u00e1tica desde principios del pasado mes de junio, cuando en la primera semana \u00fanicamente se detectaron cinco casos de la enfermedad. <\/p>\n<p>Hoy lunes deben darse a conocer detalles del n\u00famero de pacientes nuevos en las recientes semanas. <\/p>\n<p>Otra raz\u00f3n que reafirma el optimismo de las autoridades de Salud del \u00e1rea es que, de acuerdo con el doctor Lorenzo C\u00e1ceres, del Instituto Conmemorativo Gorgas, desde febrero a la fecha se han liberado 1,166,930 mosquitos transg\u00e9nicos, lo que ha permitido resultados positivos de efectividad, ya que m\u00e1s del 60% de las larvas encontradas en las ovitrampas son transg\u00e9nicas, es decir, cuyo promedio de vida no excede los 10 d\u00edas. <\/p>\n<p>Ello indica que la poblaci\u00f3n del Aedes con capacidad de aparearse y multiplicarse ha disminuido. <\/p>\n<p>Las autoridades de Salud reconocen, no obstante, que la gran cantidad de mosquitos transg\u00e9nicos que ha sido liberada, molesta a los moradores de Nuevo Chorrillo, Princesa M\u00eda y Lluvia de Oro, comunidades todas de Cerro Silvestre, en Arraij\u00e1n, pero advirtieron que el mosquito modificado no pica y que el malestar ser\u00e1 pasajero. @nacionalFm <\/p>\n<p>\u00a0 <\/p>\n","protected":false},"excerpt":{"rendered":"<p>Epidemi\u00f3logos de la provincia de Panam\u00e1 Oeste y autoridades del <a href=\"https:\/\/sertv.gob.pa\/nacionalfm\/en-panama-oeste-el-dengue-esta-bajando\/\"> [&#8230;]<\/a><\/p>\n","protected":false},"author":1,"featured_media":144,"comment_status":"closed","ping_status":"closed","sticky":false,"template":"","format":"standard","meta":{"footnotes":""},"categories":[5],"tags":[],"class_list":["post-143","post","type-post","status-publish","format-standard","has-post-thumbnail","hentry","category-salud"],"_links":{"self":[{"href":"https:\/\/sertv.gob.pa\/nacionalfm\/wp-json\/wp\/v2\/posts\/143","targetHints":{"allow":["GET"]}}],"collection":[{"href":"https:\/\/sertv.gob.pa\/nacionalfm\/wp-json\/wp\/v2\/posts"}],"about":[{"href":"https:\/\/sertv.gob.pa\/nacionalfm\/wp-json\/wp\/v2\/types\/post"}],"author":[{"embeddable":true,"href":"https:\/\/sertv.gob.pa\/nacionalfm\/wp-json\/wp\/v2\/users\/1"}],"replies":[{"embeddable":true,"href":"https:\/\/sertv.gob.pa\/nacionalfm\/wp-json\/wp\/v2\/comments?post=143"}],"version-history":[{"count":0,"href":"https:\/\/sertv.gob.pa\/nacionalfm\/wp-json\/wp\/v2\/posts\/143\/revisions"}],"wp:featuredmedia":[{"embeddable":true,"href":"https:\/\/sertv.gob.pa\/nacionalfm\/wp-json\/wp\/v2\/media\/144"}],"wp:attachment":[{"href":"https:\/\/sertv.gob.pa\/nacionalfm\/wp-json\/wp\/v2\/media?parent=143"}],"wp:term":[{"taxonomy":"category","embeddable":true,"href":"https:\/\/sertv.gob.pa\/nacionalfm\/wp-json\/wp\/v2\/categories?post=143"},{"taxonomy":"post_tag","embeddable":true,"href":"https:\/\/sertv.gob.pa\/nacionalfm\/wp-json\/wp\/v2\/tags?post=143"}],"curies":[{"name":"wp","href":"https:\/\/api.w.org\/{rel}","templated":true}]}}