{"id":14302,"date":"2016-07-18T18:42:13","date_gmt":"2016-07-18T18:42:13","guid":{"rendered":""},"modified":"2016-07-18T18:42:13","modified_gmt":"2016-07-18T18:42:13","slug":"normalizan-atencion-en-urgencia-de-pol-dr-gustavo-a-ros-en-chiriqui","status":"publish","type":"post","link":"https:\/\/sertv.gob.pa\/nacionalfm\/normalizan-atencion-en-urgencia-de-pol-dr-gustavo-a-ros-en-chiriqui\/","title":{"rendered":"Normalizan atenci\u00f3n en Urgencia de Pol. Dr. Gustavo A. Ros, en Chiriqu\u00ed"},"content":{"rendered":"<p>\n La Caja de Seguro Social ha dado a conocer el siguiente Comunicado:  <\/p>\n<p> La notable disminuci\u00f3n de los casos de influenza permiti\u00f3 que las autoridades m\u00e9dicas de la policl\u00ednica Dr. Gustavo A. Ros de David, en la provincia de Chiriqu\u00ed, determinaran que a partir del jueves 21 de julio la atenci\u00f3n en los servicios de urgencias vuelve a su horario regular. Las atenciones ser\u00e1n de lunes a viernes desde las 7:00 a.m. a 7:00 p.m.; y los s\u00e1bados, domingos y d\u00edas feriados, de 7:00 a.m. a 11:00 p.m.   <\/p>\n<p> Las autoridades locales de la Caja de Seguro Social aprovechan para reiterarle a la comunidad en general, que deben mantenerse las medidas sanitarias de prevenci\u00f3n para evitar posibles contagios de la influenza.  <\/p>\n<p> El Ministerio de Salud mantiene la Alerta Sanitaria como medida de prevenci\u00f3n para evitar la propagaci\u00f3n de los casos de influenza.\u00a0  <\/p>\n<p>\u00a0 <\/p>\n","protected":false},"excerpt":{"rendered":"<p>La Caja de Seguro Social ha dado a conocer el <a href=\"https:\/\/sertv.gob.pa\/nacionalfm\/normalizan-atencion-en-urgencia-de-pol-dr-gustavo-a-ros-en-chiriqui\/\"> [&#8230;]<\/a><\/p>\n","protected":false},"author":1,"featured_media":14303,"comment_status":"closed","ping_status":"closed","sticky":false,"template":"","format":"standard","meta":{"footnotes":""},"categories":[5],"tags":[],"class_list":["post-14302","post","type-post","status-publish","format-standard","has-post-thumbnail","hentry","category-salud"],"_links":{"self":[{"href":"https:\/\/sertv.gob.pa\/nacionalfm\/wp-json\/wp\/v2\/posts\/14302","targetHints":{"allow":["GET"]}}],"collection":[{"href":"https:\/\/sertv.gob.pa\/nacionalfm\/wp-json\/wp\/v2\/posts"}],"about":[{"href":"https:\/\/sertv.gob.pa\/nacionalfm\/wp-json\/wp\/v2\/types\/post"}],"author":[{"embeddable":true,"href":"https:\/\/sertv.gob.pa\/nacionalfm\/wp-json\/wp\/v2\/users\/1"}],"replies":[{"embeddable":true,"href":"https:\/\/sertv.gob.pa\/nacionalfm\/wp-json\/wp\/v2\/comments?post=14302"}],"version-history":[{"count":0,"href":"https:\/\/sertv.gob.pa\/nacionalfm\/wp-json\/wp\/v2\/posts\/14302\/revisions"}],"wp:featuredmedia":[{"embeddable":true,"href":"https:\/\/sertv.gob.pa\/nacionalfm\/wp-json\/wp\/v2\/media\/14303"}],"wp:attachment":[{"href":"https:\/\/sertv.gob.pa\/nacionalfm\/wp-json\/wp\/v2\/media?parent=14302"}],"wp:term":[{"taxonomy":"category","embeddable":true,"href":"https:\/\/sertv.gob.pa\/nacionalfm\/wp-json\/wp\/v2\/categories?post=14302"},{"taxonomy":"post_tag","embeddable":true,"href":"https:\/\/sertv.gob.pa\/nacionalfm\/wp-json\/wp\/v2\/tags?post=14302"}],"curies":[{"name":"wp","href":"https:\/\/api.w.org\/{rel}","templated":true}]}}