{"id":14306,"date":"2016-07-18T20:43:30","date_gmt":"2016-07-18T20:43:30","guid":{"rendered":""},"modified":"2016-07-18T20:43:30","modified_gmt":"2016-07-18T20:43:30","slug":"hoy-sera-congresillo-tecnico-de-los-guantes-de-oro","status":"publish","type":"post","link":"https:\/\/sertv.gob.pa\/nacionalfm\/hoy-sera-congresillo-tecnico-de-los-guantes-de-oro\/","title":{"rendered":"Hoy ser\u00e1 congresillo t\u00e9cnico de Los Guantes de Oro"},"content":{"rendered":"<p>\nEl presidente de la Federaci\u00f3n de Boxeo Ol\u00edmpico de Panam\u00e1, Tom\u00e1s Cianca dio a conocer que esta noche a las 8:00 en los dormitorios del MIDA de Capira se realizar\u00e1 el Congresillo t\u00e9cnico de Los Guantes de Oro que inician ma\u00f1ana en el gimnasio de la Escuela Pedro Pablo S\u00e1nchez de la Chorrera. <\/p>\n<p>Ma\u00f1ana en el mismo lugar a las 11 am se efectuar\u00e1 el sorteo y se elaborar\u00e1 el programa inaugural. <\/p>\n<p>El programa de inauguraci\u00f3n inicia a las 6 de la tarde con la entrada de las delegaciones, Himno Nacional de Panam\u00e1 entonado por la Banda de M\u00fasica Virgilio Escala, invocaci\u00f3n religiosa, palabras de bienvenida por el presidente de la Federaci\u00f3n de Boxeo Ol\u00edmpico de Panam\u00e1 Tom\u00e1s Cianca. <\/p>\n<p>Seguidamente har\u00e1 uso de la palabra el alcalde del distrito de la Chorrera Tom\u00e1s Vel\u00e1squez Correa, lo mismo que el presidente del Comit\u00e9 Ol\u00edmpico de Panam\u00e1 Camilo Amado y el director del Instituto Paname\u00f1o de Deportes Roberto &ldquo;Bob&rdquo; Arango. <\/p>\n<p>La juramentaci\u00f3n de los atletas correr\u00e1 a cargo de la campeona mundial Atheyna Bylon, con la salida de las delegaciones del escenario se esperar\u00e1 el campanazo inicial para dar comienzo al torneo. <\/p>\n","protected":false},"excerpt":{"rendered":"<p>El presidente de la Federaci\u00f3n de Boxeo Ol\u00edmpico de Panam\u00e1, <a href=\"https:\/\/sertv.gob.pa\/nacionalfm\/hoy-sera-congresillo-tecnico-de-los-guantes-de-oro\/\"> [&#8230;]<\/a><\/p>\n","protected":false},"author":1,"featured_media":14307,"comment_status":"closed","ping_status":"closed","sticky":false,"template":"","format":"standard","meta":{"footnotes":""},"categories":[4],"tags":[],"class_list":["post-14306","post","type-post","status-publish","format-standard","has-post-thumbnail","hentry","category-deportes"],"_links":{"self":[{"href":"https:\/\/sertv.gob.pa\/nacionalfm\/wp-json\/wp\/v2\/posts\/14306","targetHints":{"allow":["GET"]}}],"collection":[{"href":"https:\/\/sertv.gob.pa\/nacionalfm\/wp-json\/wp\/v2\/posts"}],"about":[{"href":"https:\/\/sertv.gob.pa\/nacionalfm\/wp-json\/wp\/v2\/types\/post"}],"author":[{"embeddable":true,"href":"https:\/\/sertv.gob.pa\/nacionalfm\/wp-json\/wp\/v2\/users\/1"}],"replies":[{"embeddable":true,"href":"https:\/\/sertv.gob.pa\/nacionalfm\/wp-json\/wp\/v2\/comments?post=14306"}],"version-history":[{"count":0,"href":"https:\/\/sertv.gob.pa\/nacionalfm\/wp-json\/wp\/v2\/posts\/14306\/revisions"}],"wp:featuredmedia":[{"embeddable":true,"href":"https:\/\/sertv.gob.pa\/nacionalfm\/wp-json\/wp\/v2\/media\/14307"}],"wp:attachment":[{"href":"https:\/\/sertv.gob.pa\/nacionalfm\/wp-json\/wp\/v2\/media?parent=14306"}],"wp:term":[{"taxonomy":"category","embeddable":true,"href":"https:\/\/sertv.gob.pa\/nacionalfm\/wp-json\/wp\/v2\/categories?post=14306"},{"taxonomy":"post_tag","embeddable":true,"href":"https:\/\/sertv.gob.pa\/nacionalfm\/wp-json\/wp\/v2\/tags?post=14306"}],"curies":[{"name":"wp","href":"https:\/\/api.w.org\/{rel}","templated":true}]}}