{"id":14308,"date":"2016-07-18T21:10:51","date_gmt":"2016-07-18T21:10:51","guid":{"rendered":""},"modified":"2016-07-18T21:10:51","modified_gmt":"2016-07-18T21:10:51","slug":"reciben-a-campeones-latinoamericanos-de-beisbol","status":"publish","type":"post","link":"https:\/\/sertv.gob.pa\/nacionalfm\/reciben-a-campeones-latinoamericanos-de-beisbol\/","title":{"rendered":"Reciben a campeones Latinoamericanos de B\u00e9isbol"},"content":{"rendered":"<p>\nLa Selecci\u00f3n de Panam\u00e1 que nos represent\u00f3 y conquist\u00f3 el Campeonato Latinoamericano de B\u00e9isbol Preintermedio, fue recibido el domingo en el Aeropuerto Internacional de Tocumen por padres de familia, dirigentes, medios de comunicaci\u00f3n y altas figuras del Instituto Paname\u00f1o de Deportes. <\/p>\n<p>El equipo de Los Caimanes de Juan D\u00edaz, representante de Panam\u00e1 en este torneo, derrot\u00f3 el pasado s\u00e1bado a Puerto Rico 5 carreras por 4 en re\u00f1ido partido final que se efectu\u00f3 en la isla caribe\u00f1a de Saint Marteen. <\/p>\n<p>Al conquistar este t\u00edtulo Panam\u00e1 se convierte en el representante de Latinoam\u00e9rica en el Mundial Preintermedio de B\u00e9isbol que se desarrollar\u00e1 en Taylor, Michigan Estados Unidos a finales del mes de agosto. <\/p>\n","protected":false},"excerpt":{"rendered":"<p>La Selecci\u00f3n de Panam\u00e1 que nos represent\u00f3 y conquist\u00f3 el <a href=\"https:\/\/sertv.gob.pa\/nacionalfm\/reciben-a-campeones-latinoamericanos-de-beisbol\/\"> [&#8230;]<\/a><\/p>\n","protected":false},"author":1,"featured_media":14309,"comment_status":"closed","ping_status":"closed","sticky":false,"template":"","format":"standard","meta":{"footnotes":""},"categories":[4],"tags":[],"class_list":["post-14308","post","type-post","status-publish","format-standard","has-post-thumbnail","hentry","category-deportes"],"_links":{"self":[{"href":"https:\/\/sertv.gob.pa\/nacionalfm\/wp-json\/wp\/v2\/posts\/14308","targetHints":{"allow":["GET"]}}],"collection":[{"href":"https:\/\/sertv.gob.pa\/nacionalfm\/wp-json\/wp\/v2\/posts"}],"about":[{"href":"https:\/\/sertv.gob.pa\/nacionalfm\/wp-json\/wp\/v2\/types\/post"}],"author":[{"embeddable":true,"href":"https:\/\/sertv.gob.pa\/nacionalfm\/wp-json\/wp\/v2\/users\/1"}],"replies":[{"embeddable":true,"href":"https:\/\/sertv.gob.pa\/nacionalfm\/wp-json\/wp\/v2\/comments?post=14308"}],"version-history":[{"count":0,"href":"https:\/\/sertv.gob.pa\/nacionalfm\/wp-json\/wp\/v2\/posts\/14308\/revisions"}],"wp:featuredmedia":[{"embeddable":true,"href":"https:\/\/sertv.gob.pa\/nacionalfm\/wp-json\/wp\/v2\/media\/14309"}],"wp:attachment":[{"href":"https:\/\/sertv.gob.pa\/nacionalfm\/wp-json\/wp\/v2\/media?parent=14308"}],"wp:term":[{"taxonomy":"category","embeddable":true,"href":"https:\/\/sertv.gob.pa\/nacionalfm\/wp-json\/wp\/v2\/categories?post=14308"},{"taxonomy":"post_tag","embeddable":true,"href":"https:\/\/sertv.gob.pa\/nacionalfm\/wp-json\/wp\/v2\/tags?post=14308"}],"curies":[{"name":"wp","href":"https:\/\/api.w.org\/{rel}","templated":true}]}}