{"id":14310,"date":"2016-07-18T21:27:25","date_gmt":"2016-07-18T21:27:25","guid":{"rendered":""},"modified":"2016-07-18T21:27:25","modified_gmt":"2016-07-18T21:27:25","slug":"alonso-edwards-abanderado-par-juegos-oimpicos","status":"publish","type":"post","link":"https:\/\/sertv.gob.pa\/nacionalfm\/alonso-edwards-abanderado-par-juegos-oimpicos\/","title":{"rendered":"Alonso Edwards abanderado para Juegos O\u00edmpicos"},"content":{"rendered":"<p>\nEl velocista paname\u00f1o, ganador de los 200 metros y bicampe\u00f3n de la Liga de Diamantes de la IAAF, Alonso Edwards fue escogido por la Asamblea General Extraordinaria del Comit\u00e9 Ol\u00edmpico de Panam\u00e1, como el abanderado de la delegaci\u00f3n de Panam\u00e1 para los Juegos Ol\u00edmpicos de R\u00edo de R\u00edo de Janeiro 2016. <\/p>\n<p>La delegaci\u00f3n est\u00e1 compuesta de 25 personas, desglosada as\u00ed: 10 atletas de 7 disciplinas, atletismo, boxeo, gimnasia, taekwondo, nataci\u00f3n, tiro y esgrima. Un jefe de misi\u00f3n que ser\u00e1 el Dr. Marcos Ostrander, presidente de la Federaci\u00f3n de Remo, un m\u00e9dico, el Dr. Luis Carri\u00f3n, presidente de la Federaci\u00f3n de Tiro y la fisiterapeuta Margarita Gonz\u00e1lez, presidenta de la Liga Provincial de Atletismo de Panam\u00e1. <\/p>\n<p>Adem\u00e1s, ocho entrenadores guiar\u00e1n a los atletas en los d\u00edas y momentos previos de sus respectivas competencias. Aldren Gray, entrenador de vallas, Gary Evans, en los 200 mts, Alexander Lepeshinsky, esgrima, Carmine Fracasso, boxeo femenino, Albino D\u00edaz, nataci\u00f3n, Brigida Yangue, taekwondo, Orlando Cano, tiro y Dena Walker, gimnasia. <\/p>\n<p>Los 10 atletas que integran lo delegaci\u00f3n de Panam\u00e1 son Alonso Edwards (200 mts), Yvette Lewis (100 mts con vallas), Jorge Castelblanco (marat\u00f3n), Isabella Amado (gimnasia), Carolena Carsten (taekwondo), David Mu\u00f1oz (tiro), Atheyna Bylon (boxeo), Eileen Grench (esgrima), Mar\u00eda Far y Edgar Crespo (nataci\u00f3n). <\/p>\n","protected":false},"excerpt":{"rendered":"<p>El velocista paname\u00f1o, ganador de los 200 metros y bicampe\u00f3n <a href=\"https:\/\/sertv.gob.pa\/nacionalfm\/alonso-edwards-abanderado-par-juegos-oimpicos\/\"> [&#8230;]<\/a><\/p>\n","protected":false},"author":1,"featured_media":14311,"comment_status":"closed","ping_status":"closed","sticky":false,"template":"","format":"standard","meta":{"footnotes":""},"categories":[4],"tags":[],"class_list":["post-14310","post","type-post","status-publish","format-standard","has-post-thumbnail","hentry","category-deportes"],"_links":{"self":[{"href":"https:\/\/sertv.gob.pa\/nacionalfm\/wp-json\/wp\/v2\/posts\/14310","targetHints":{"allow":["GET"]}}],"collection":[{"href":"https:\/\/sertv.gob.pa\/nacionalfm\/wp-json\/wp\/v2\/posts"}],"about":[{"href":"https:\/\/sertv.gob.pa\/nacionalfm\/wp-json\/wp\/v2\/types\/post"}],"author":[{"embeddable":true,"href":"https:\/\/sertv.gob.pa\/nacionalfm\/wp-json\/wp\/v2\/users\/1"}],"replies":[{"embeddable":true,"href":"https:\/\/sertv.gob.pa\/nacionalfm\/wp-json\/wp\/v2\/comments?post=14310"}],"version-history":[{"count":0,"href":"https:\/\/sertv.gob.pa\/nacionalfm\/wp-json\/wp\/v2\/posts\/14310\/revisions"}],"wp:featuredmedia":[{"embeddable":true,"href":"https:\/\/sertv.gob.pa\/nacionalfm\/wp-json\/wp\/v2\/media\/14311"}],"wp:attachment":[{"href":"https:\/\/sertv.gob.pa\/nacionalfm\/wp-json\/wp\/v2\/media?parent=14310"}],"wp:term":[{"taxonomy":"category","embeddable":true,"href":"https:\/\/sertv.gob.pa\/nacionalfm\/wp-json\/wp\/v2\/categories?post=14310"},{"taxonomy":"post_tag","embeddable":true,"href":"https:\/\/sertv.gob.pa\/nacionalfm\/wp-json\/wp\/v2\/tags?post=14310"}],"curies":[{"name":"wp","href":"https:\/\/api.w.org\/{rel}","templated":true}]}}