{"id":14312,"date":"2016-07-18T21:43:28","date_gmt":"2016-07-18T21:43:28","guid":{"rendered":""},"modified":"2016-07-18T21:43:28","modified_gmt":"2016-07-18T21:43:28","slug":"softbol-unificado-entra-en-gran-final-de-todos-contra-todos","status":"publish","type":"post","link":"https:\/\/sertv.gob.pa\/nacionalfm\/softbol-unificado-entra-en-gran-final-de-todos-contra-todos\/","title":{"rendered":"Softbol Unificado entra en gran final de todos contra todos"},"content":{"rendered":"<p>\nEl pasado domingo 17 de julio llegaron a su final las eliminatorias de la segunda versi\u00f3n de la Liga de Softbal Unificado-Copa 20-30 de Olimpiadas Especiales, en el cuadro del complejo deportivo de Santa Marta Torrijos Carter. <\/p>\n<p>En esta oportunidad los siete equipos participantes lograron completar el total de juegos asignados desde que se inici\u00f3 la liga en Abril, escalando posiciones hasta lograr los cuatro \u00fanicos pases a la Gran Final que se dar\u00e1 la primera semana de septiembre. <\/p>\n<p>Los equipos que pasaron a la Gran Final fueron, Bar\u00fa (4to Lugar de Eliminatorias), Herrera (3ro), Los Santos (2do) y La Academia Santa Mar\u00eda de Col\u00f3n (1ro). <\/p>\n<p>En el nuevo encuentro, programado para el 3 y 4 de septiembre de 2016, los cuatro equipos volver\u00e1n a medirse todos contra todos para entonces ocupar las posiciones ganadores de medallas y la Copa 20-30. <\/p>\n<p>\u00a0 <\/p>\n","protected":false},"excerpt":{"rendered":"<p>El pasado domingo 17 de julio llegaron a su final <a href=\"https:\/\/sertv.gob.pa\/nacionalfm\/softbol-unificado-entra-en-gran-final-de-todos-contra-todos\/\"> [&#8230;]<\/a><\/p>\n","protected":false},"author":1,"featured_media":14313,"comment_status":"closed","ping_status":"closed","sticky":false,"template":"","format":"standard","meta":{"footnotes":""},"categories":[4],"tags":[],"class_list":["post-14312","post","type-post","status-publish","format-standard","has-post-thumbnail","hentry","category-deportes"],"_links":{"self":[{"href":"https:\/\/sertv.gob.pa\/nacionalfm\/wp-json\/wp\/v2\/posts\/14312","targetHints":{"allow":["GET"]}}],"collection":[{"href":"https:\/\/sertv.gob.pa\/nacionalfm\/wp-json\/wp\/v2\/posts"}],"about":[{"href":"https:\/\/sertv.gob.pa\/nacionalfm\/wp-json\/wp\/v2\/types\/post"}],"author":[{"embeddable":true,"href":"https:\/\/sertv.gob.pa\/nacionalfm\/wp-json\/wp\/v2\/users\/1"}],"replies":[{"embeddable":true,"href":"https:\/\/sertv.gob.pa\/nacionalfm\/wp-json\/wp\/v2\/comments?post=14312"}],"version-history":[{"count":0,"href":"https:\/\/sertv.gob.pa\/nacionalfm\/wp-json\/wp\/v2\/posts\/14312\/revisions"}],"wp:featuredmedia":[{"embeddable":true,"href":"https:\/\/sertv.gob.pa\/nacionalfm\/wp-json\/wp\/v2\/media\/14313"}],"wp:attachment":[{"href":"https:\/\/sertv.gob.pa\/nacionalfm\/wp-json\/wp\/v2\/media?parent=14312"}],"wp:term":[{"taxonomy":"category","embeddable":true,"href":"https:\/\/sertv.gob.pa\/nacionalfm\/wp-json\/wp\/v2\/categories?post=14312"},{"taxonomy":"post_tag","embeddable":true,"href":"https:\/\/sertv.gob.pa\/nacionalfm\/wp-json\/wp\/v2\/tags?post=14312"}],"curies":[{"name":"wp","href":"https:\/\/api.w.org\/{rel}","templated":true}]}}