{"id":14352,"date":"2016-07-20T18:47:25","date_gmt":"2016-07-20T18:47:25","guid":{"rendered":""},"modified":"2016-07-20T18:47:25","modified_gmt":"2016-07-20T18:47:25","slug":"css-reinicia-jornada-extraordinaria-de-citas-en-panama-oeste","status":"publish","type":"post","link":"https:\/\/sertv.gob.pa\/nacionalfm\/css-reinicia-jornada-extraordinaria-de-citas-en-panama-oeste\/","title":{"rendered":"CSS reinicia Jornada Extraordinaria de Citas, en Panam\u00e1 Oeste"},"content":{"rendered":"<p>\n Con un sistema innovador de mayor cobertura se efectuar\u00e1 del 25 al 31 de julio en la provincia de Panam\u00e1 Oeste la VI Jornada Extraordinaria de Citas de Especialidades y Cirug\u00edas.  <\/p>\n<p> De esta manera, ser\u00e1n m\u00e1s de 21 servicios de especialidades que se ofertar\u00e1n de forma simult\u00e1nea en las policl\u00ednicas del Oeste y hospitales de otras provincias como el Luis &ldquo;Chicho&rdquo; F\u00e1brega de Santiago de Veraguas, Rafael Est\u00e9vez de Aguadulce, el Minsa &ndash; Capsi de Volc\u00e1n, en Chiriqu\u00ed y el Complejo Hospitalario Dr. Arnulfo Arias Madrid (CHAAM) en la ciudad capital.  <\/p>\n<p>Hay que enfatizar, que a diferencia de las jornadas anteriores las autoridades m\u00e9dicas de la Caja de Seguro Social acordaron involucrar otros sitios quir\u00fargicos y de atenci\u00f3n en las provincias a fin de impactar la lista de pacientes en espera. <\/p>\n<p> El reinicio de la actividad, dar\u00e1 comienzo con los procedimientos y atenciones de gastroenterolog\u00eda desde el viernes 22 hasta el 24 de julio en todos los sitios involucrados.  <\/p>\n<p> Cabe resaltar, que durante los d\u00edas de la actividad se habilitar\u00e1n cinco sitios quir\u00fargicos: la policl\u00ednica Santiago Barraza (hernias, salpin, cataratas, urolog\u00eda, endoscop\u00eda y colonoscop\u00eda), Hsp. Rafael Est\u00e9vez (Cataratas), Hsp. Luis &ldquo;Chicho&rdquo; F\u00e1brega (urolog\u00eda, ginecolog\u00eda y cirug\u00eda general), Minsa- Capsi de Volc\u00e1n (cataratas) y CHAAM (f\u00edstulas arteriovenosas).  <\/p>\n<p> En tanto que la consulta externa de especialidades estar\u00e1n distribuidas en las policl\u00ednicas Santiago Barraza (21), Blas G\u00f3mez Chetro (9) y la ULAPS de Capira (2). En los teres sitios se ofrecer\u00e1n los servicios de radiolog\u00eda, farmacia y laboratorio.  <\/p>\n<p> La jornada igualmente incluye una Feria de Servicios y Prestaciones a desarrollarse en la policl\u00ednica Santiago Barraza desde el 28 al 31 de julio en horario de 7: 00a.m. a 3:00p.m.  <\/p>\n<p> Por otra parte, el s\u00e1bado 30 de julio se efectuar\u00e1 el Foro #CSSContigo en la ULAPS de Capira de 9:00a.m a 11:00a.m. El foro es una interacci\u00f3n de rendici\u00f3n de cuentas de las autoridades a la comunidad y autoridades locales.  <\/p>\n","protected":false},"excerpt":{"rendered":"<p>Con un sistema innovador de mayor cobertura se efectuar\u00e1 del <a href=\"https:\/\/sertv.gob.pa\/nacionalfm\/css-reinicia-jornada-extraordinaria-de-citas-en-panama-oeste\/\"> [&#8230;]<\/a><\/p>\n","protected":false},"author":1,"featured_media":14353,"comment_status":"closed","ping_status":"closed","sticky":false,"template":"","format":"standard","meta":{"footnotes":""},"categories":[5],"tags":[],"class_list":["post-14352","post","type-post","status-publish","format-standard","has-post-thumbnail","hentry","category-salud"],"_links":{"self":[{"href":"https:\/\/sertv.gob.pa\/nacionalfm\/wp-json\/wp\/v2\/posts\/14352","targetHints":{"allow":["GET"]}}],"collection":[{"href":"https:\/\/sertv.gob.pa\/nacionalfm\/wp-json\/wp\/v2\/posts"}],"about":[{"href":"https:\/\/sertv.gob.pa\/nacionalfm\/wp-json\/wp\/v2\/types\/post"}],"author":[{"embeddable":true,"href":"https:\/\/sertv.gob.pa\/nacionalfm\/wp-json\/wp\/v2\/users\/1"}],"replies":[{"embeddable":true,"href":"https:\/\/sertv.gob.pa\/nacionalfm\/wp-json\/wp\/v2\/comments?post=14352"}],"version-history":[{"count":0,"href":"https:\/\/sertv.gob.pa\/nacionalfm\/wp-json\/wp\/v2\/posts\/14352\/revisions"}],"wp:featuredmedia":[{"embeddable":true,"href":"https:\/\/sertv.gob.pa\/nacionalfm\/wp-json\/wp\/v2\/media\/14353"}],"wp:attachment":[{"href":"https:\/\/sertv.gob.pa\/nacionalfm\/wp-json\/wp\/v2\/media?parent=14352"}],"wp:term":[{"taxonomy":"category","embeddable":true,"href":"https:\/\/sertv.gob.pa\/nacionalfm\/wp-json\/wp\/v2\/categories?post=14352"},{"taxonomy":"post_tag","embeddable":true,"href":"https:\/\/sertv.gob.pa\/nacionalfm\/wp-json\/wp\/v2\/tags?post=14352"}],"curies":[{"name":"wp","href":"https:\/\/api.w.org\/{rel}","templated":true}]}}