{"id":14360,"date":"2016-07-20T19:35:45","date_gmt":"2016-07-20T19:35:45","guid":{"rendered":""},"modified":"2016-07-20T19:35:45","modified_gmt":"2016-07-20T19:35:45","slug":"cientifico-nunez-se-mide-al-potro-hernandez","status":"publish","type":"post","link":"https:\/\/sertv.gob.pa\/nacionalfm\/cientifico-nunez-se-mide-al-potro-hernandez\/","title":{"rendered":"\u201cCient\u00edfico\u201d N\u00fa\u00f1ez se mide \u201cAl Potro\u201d Hern\u00e1ndez"},"content":{"rendered":"<p>\nEn suplantaci\u00f3n de Jaime Arboleda, \u00a0el clasificado mundial Ricardo &ldquo;El Cient\u00edfico&rdquo; N\u00fa\u00f1ez se enfrenta al venezolano que hizo campa\u00f1a en Panam\u00e1 Rafael &ldquo;El Potro&rdquo; Hern\u00e1ndez, el pr\u00f3ximo 16 de septiembre en el Centro de Convenciones Vasco N\u00fa\u00f1ez de Balboa del Hotel Panam\u00e1. <\/p>\n<p>En la coestelar se miden Ameth &ldquo;Cloroformo&rdquo; D\u00edaz quien retorna a los cuadril\u00e1teros nacionales ante el invicto Alexander Dur\u00e1n en 140 libras y 8 asaltos, el clasificado mundial Azael &ldquo;Candelilla&rdquo; Villar tendr\u00e1 una dura prueba ante el experimentado y fuerte pegador Edwin &ldquo;La Pantera&rdquo; D\u00edaz. <\/p>\n<p>En choque de invictos se enfrenar\u00e1n Jaime Mu\u00f1oz y el chorrerano Carlos Montenegro, y en el combate de abrir el invicto p\u00fagil chiricano Ronald Batista har\u00e1 su segunda presentaci\u00f3n en las filas profesionales ante Gilberto G\u00f3mez. <\/p>\n","protected":false},"excerpt":{"rendered":"<p>En suplantaci\u00f3n de Jaime Arboleda, \u00a0el clasificado mundial Ricardo &ldquo;El <a href=\"https:\/\/sertv.gob.pa\/nacionalfm\/cientifico-nunez-se-mide-al-potro-hernandez\/\"> [&#8230;]<\/a><\/p>\n","protected":false},"author":1,"featured_media":14361,"comment_status":"closed","ping_status":"closed","sticky":false,"template":"","format":"standard","meta":{"footnotes":""},"categories":[4],"tags":[],"class_list":["post-14360","post","type-post","status-publish","format-standard","has-post-thumbnail","hentry","category-deportes"],"_links":{"self":[{"href":"https:\/\/sertv.gob.pa\/nacionalfm\/wp-json\/wp\/v2\/posts\/14360","targetHints":{"allow":["GET"]}}],"collection":[{"href":"https:\/\/sertv.gob.pa\/nacionalfm\/wp-json\/wp\/v2\/posts"}],"about":[{"href":"https:\/\/sertv.gob.pa\/nacionalfm\/wp-json\/wp\/v2\/types\/post"}],"author":[{"embeddable":true,"href":"https:\/\/sertv.gob.pa\/nacionalfm\/wp-json\/wp\/v2\/users\/1"}],"replies":[{"embeddable":true,"href":"https:\/\/sertv.gob.pa\/nacionalfm\/wp-json\/wp\/v2\/comments?post=14360"}],"version-history":[{"count":0,"href":"https:\/\/sertv.gob.pa\/nacionalfm\/wp-json\/wp\/v2\/posts\/14360\/revisions"}],"wp:featuredmedia":[{"embeddable":true,"href":"https:\/\/sertv.gob.pa\/nacionalfm\/wp-json\/wp\/v2\/media\/14361"}],"wp:attachment":[{"href":"https:\/\/sertv.gob.pa\/nacionalfm\/wp-json\/wp\/v2\/media?parent=14360"}],"wp:term":[{"taxonomy":"category","embeddable":true,"href":"https:\/\/sertv.gob.pa\/nacionalfm\/wp-json\/wp\/v2\/categories?post=14360"},{"taxonomy":"post_tag","embeddable":true,"href":"https:\/\/sertv.gob.pa\/nacionalfm\/wp-json\/wp\/v2\/tags?post=14360"}],"curies":[{"name":"wp","href":"https:\/\/api.w.org\/{rel}","templated":true}]}}