{"id":14386,"date":"2016-07-22T14:15:42","date_gmt":"2016-07-22T14:15:42","guid":{"rendered":""},"modified":"2016-07-22T14:15:42","modified_gmt":"2016-07-22T14:15:42","slug":"senapan-lanza-campana-cinco-al-dia-enfocada-en-la-nutricion","status":"publish","type":"post","link":"https:\/\/sertv.gob.pa\/nacionalfm\/senapan-lanza-campana-cinco-al-dia-enfocada-en-la-nutricion\/","title":{"rendered":"SENAPAN lanza campa\u00f1a \u201cCinco al D\u00eda\u201d, enfocada en la nutrici\u00f3n"},"content":{"rendered":"<p>\nRepresentantes de la Secretaria Nacional para el Plan de la Seguridad Alimentario y Nutricional (SENAPAN), con el apoyo del Servicio Nacional de Voluntario del MIDES, llevaron a cabo el lanzamiento de la Campa\u00f1a  &ldquo;Cinco al D\u00eda&rdquo;.  <\/p>\n<p> Sobre el particular, Franklin S\u00e1nchez, asistente Administrativo de Nutrici\u00f3n, declar\u00f3 que\u00a0 esta Campa\u00f1a de Cinco al D\u00eda se ejecuta en los parvularios para incentivar a los ni\u00f1os, a cambiar el \u00e1mbito alimenticio.  <\/p>\n<p> Es por esto, que SENAPAN, en estrecha colaboraci\u00f3n con los miembros que integran su Junta Promotora, llevan adelante esta campa\u00f1a nacional a fin de crear conciencia y promover una adecuada Educaci\u00f3n Alimentaria Nutricional (EAN), destinada a todos los sectores de la sociedad paname\u00f1a.  <\/p>\n<p>Al respecto, Maryori Chir\u00fa, encargada del Parvulario CEDIS de Santa Ana, se siente complacida con la iniciativa, puesto que ese tipo de actividades motiva e incentivan los estilos de vida saludables en los ni\u00f1os. <\/p>\n<p> En relaci\u00f3n al programa &ldquo; Cinco al D\u00eda&rdquo; , hay que se\u00f1alar lo siguiente:  <\/p>\n<p>  &ldquo;5 al D\u00eda Panam\u00e1&rdquo;, es una campa\u00f1a educativa que promueve el consumo de por lo menos 5 porciones de frutas y vegetales de diferentes colores todos los d\u00edas.   <\/p>\n<p>\u00a0 <\/p>\n","protected":false},"excerpt":{"rendered":"<p>Representantes de la Secretaria Nacional para el Plan de la <a href=\"https:\/\/sertv.gob.pa\/nacionalfm\/senapan-lanza-campana-cinco-al-dia-enfocada-en-la-nutricion\/\"> [&#8230;]<\/a><\/p>\n","protected":false},"author":1,"featured_media":14387,"comment_status":"closed","ping_status":"closed","sticky":false,"template":"","format":"standard","meta":{"footnotes":""},"categories":[5],"tags":[],"class_list":["post-14386","post","type-post","status-publish","format-standard","has-post-thumbnail","hentry","category-salud"],"_links":{"self":[{"href":"https:\/\/sertv.gob.pa\/nacionalfm\/wp-json\/wp\/v2\/posts\/14386","targetHints":{"allow":["GET"]}}],"collection":[{"href":"https:\/\/sertv.gob.pa\/nacionalfm\/wp-json\/wp\/v2\/posts"}],"about":[{"href":"https:\/\/sertv.gob.pa\/nacionalfm\/wp-json\/wp\/v2\/types\/post"}],"author":[{"embeddable":true,"href":"https:\/\/sertv.gob.pa\/nacionalfm\/wp-json\/wp\/v2\/users\/1"}],"replies":[{"embeddable":true,"href":"https:\/\/sertv.gob.pa\/nacionalfm\/wp-json\/wp\/v2\/comments?post=14386"}],"version-history":[{"count":0,"href":"https:\/\/sertv.gob.pa\/nacionalfm\/wp-json\/wp\/v2\/posts\/14386\/revisions"}],"wp:featuredmedia":[{"embeddable":true,"href":"https:\/\/sertv.gob.pa\/nacionalfm\/wp-json\/wp\/v2\/media\/14387"}],"wp:attachment":[{"href":"https:\/\/sertv.gob.pa\/nacionalfm\/wp-json\/wp\/v2\/media?parent=14386"}],"wp:term":[{"taxonomy":"category","embeddable":true,"href":"https:\/\/sertv.gob.pa\/nacionalfm\/wp-json\/wp\/v2\/categories?post=14386"},{"taxonomy":"post_tag","embeddable":true,"href":"https:\/\/sertv.gob.pa\/nacionalfm\/wp-json\/wp\/v2\/tags?post=14386"}],"curies":[{"name":"wp","href":"https:\/\/api.w.org\/{rel}","templated":true}]}}