{"id":14400,"date":"2016-07-22T15:59:44","date_gmt":"2016-07-22T15:59:44","guid":{"rendered":""},"modified":"2016-07-22T15:59:44","modified_gmt":"2016-07-22T15:59:44","slug":"panama-metro-comanda-guantes-de-oro-en-la-rama-masculina","status":"publish","type":"post","link":"https:\/\/sertv.gob.pa\/nacionalfm\/panama-metro-comanda-guantes-de-oro-en-la-rama-masculina\/","title":{"rendered":"Panam\u00e1 Metro comanda Guantes de Oro en la rama Masculina"},"content":{"rendered":"<p>\nPanam\u00e1 comanda el Campeonato Nacional Guantes de Oro en su versi\u00f3n 42, en la rama masculina con 9 puntos seguidos de Chiriqu\u00ed y Veraguas con 7 y Col\u00f3n con 5, m\u00e1s atr\u00e1s Panam\u00e1 Oeste con 4, Cocl\u00e9 con 3 y Bocas del Toro con un solo punto. <\/p>\n<p>La final de los 43 kilos la protagonizar\u00e1n Jos\u00e9 Pineda (Veraguas) y el chiricano Magdiel Cede\u00f1o. Pineda se gan\u00f3 el derecho a disputar el oro al superar por decisi\u00f3n un\u00e1nime a Josu\u00e9 Moreno (Panam\u00e1 Metro) en semifinales, mientras que Cede\u00f1o despach\u00f3 por la misma v\u00eda a Roger Salda\u00f1a de Bocas del Toro. <\/p>\n<p>Santos Villar (Panam\u00e1 Metro) avanz\u00f3 a la final de los 52 kilos al derrotar por decisi\u00f3n un\u00e1nime a \u00d3scar Cede\u00f1o de Los Santos. El capitalino se las ver\u00e1 ahora contra Abdiel Mojica (Chiriqu\u00ed), quien super\u00f3 por decisi\u00f3n un\u00e1nime a Lucas S\u00e1nchez de Cocl\u00e9. <\/p>\n<p>En uno de los mejores pleitos de la noche,\u00a0 Francisco Pachay (Panam\u00e1 Metro) vendi\u00f3 cara su derrota ante el de casa, Leonel Guti\u00e9rrez (Panam\u00e1 Oeste), al caer por nocaut t\u00e9cnico. El chorrerano disputar\u00e1 el oro de los 56 kilos contra el verag\u00fcense Boris Rodr\u00edguez, quien super\u00f3 por decisi\u00f3n un\u00e1nime a quien defend\u00eda los colores chiricanos, \u00c1ngel Mojica. <\/p>\n<p>La batalla por la dorada de los 69 kilos la protagonizar\u00e1n Pedro Mosquera (Panam\u00e1 Metro) y Abelardo Gonz\u00e1lez (Veraguas). Mosquera obtuvo el pasaporte a la \u00faltima instancia al superar por decisi\u00f3n dividida a Oriel Bethancourt de Cocl\u00e9, mientras que Gonz\u00e1lez lleg\u00f3 a la final al ganar por nocaut t\u00e9cnico a Luis Valdez de Chiriqu\u00ed. <\/p>\n<p>Las finales de las nueve categor\u00edas participantes de la rama masculina se dar\u00e1n el s\u00e1bado a partir de las 4:00 p.m. <\/p>\n<p>\u00a0 <\/p>\n<p>\u00a0 <\/p>\n","protected":false},"excerpt":{"rendered":"<p>Panam\u00e1 comanda el Campeonato Nacional Guantes de Oro en su <a href=\"https:\/\/sertv.gob.pa\/nacionalfm\/panama-metro-comanda-guantes-de-oro-en-la-rama-masculina\/\"> [&#8230;]<\/a><\/p>\n","protected":false},"author":1,"featured_media":14401,"comment_status":"closed","ping_status":"closed","sticky":false,"template":"","format":"standard","meta":{"footnotes":""},"categories":[4],"tags":[],"class_list":["post-14400","post","type-post","status-publish","format-standard","has-post-thumbnail","hentry","category-deportes"],"_links":{"self":[{"href":"https:\/\/sertv.gob.pa\/nacionalfm\/wp-json\/wp\/v2\/posts\/14400","targetHints":{"allow":["GET"]}}],"collection":[{"href":"https:\/\/sertv.gob.pa\/nacionalfm\/wp-json\/wp\/v2\/posts"}],"about":[{"href":"https:\/\/sertv.gob.pa\/nacionalfm\/wp-json\/wp\/v2\/types\/post"}],"author":[{"embeddable":true,"href":"https:\/\/sertv.gob.pa\/nacionalfm\/wp-json\/wp\/v2\/users\/1"}],"replies":[{"embeddable":true,"href":"https:\/\/sertv.gob.pa\/nacionalfm\/wp-json\/wp\/v2\/comments?post=14400"}],"version-history":[{"count":0,"href":"https:\/\/sertv.gob.pa\/nacionalfm\/wp-json\/wp\/v2\/posts\/14400\/revisions"}],"wp:featuredmedia":[{"embeddable":true,"href":"https:\/\/sertv.gob.pa\/nacionalfm\/wp-json\/wp\/v2\/media\/14401"}],"wp:attachment":[{"href":"https:\/\/sertv.gob.pa\/nacionalfm\/wp-json\/wp\/v2\/media?parent=14400"}],"wp:term":[{"taxonomy":"category","embeddable":true,"href":"https:\/\/sertv.gob.pa\/nacionalfm\/wp-json\/wp\/v2\/categories?post=14400"},{"taxonomy":"post_tag","embeddable":true,"href":"https:\/\/sertv.gob.pa\/nacionalfm\/wp-json\/wp\/v2\/tags?post=14400"}],"curies":[{"name":"wp","href":"https:\/\/api.w.org\/{rel}","templated":true}]}}