{"id":14412,"date":"2016-07-22T20:23:12","date_gmt":"2016-07-22T20:23:12","guid":{"rendered":""},"modified":"2016-07-22T20:23:12","modified_gmt":"2016-07-22T20:23:12","slug":"continua-hoy-ii-fecha-del-torneo-de-apertura-de-la-lpf","status":"publish","type":"post","link":"https:\/\/sertv.gob.pa\/nacionalfm\/continua-hoy-ii-fecha-del-torneo-de-apertura-de-la-lpf\/","title":{"rendered":"Contin\u00faa hoy II Fecha del Torneo de Apertura de la LPF"},"content":{"rendered":"<p>\nEl Torneo de Apertura de la Liga Paname\u00f1a de F\u00fatbol contin\u00faa hoy en su segunda fecha con el partido entre el Santa Gema de Arraij\u00e1n y el San Francisco FC, en el Oscar Suman Carrillo de la Universidad de Panam\u00e1 a las 9:00 de la noche. <\/p>\n<p>Ma\u00f1ana s\u00e1bado 23 de julio se miden a las 6: 00 de la tarde se miden en el Oscar Suman Carrillo el Tauro FC y el Chorrillo, el Alianza y el Atl\u00e9tico Nacional de la Polic\u00eda se enfrentar\u00e1n en el Maracan\u00e1 del Chorrillo a las 5: 00 de la tarde. <\/p>\n<p>El domingo 24 de julio Sporting San Miguelito ver\u00e1 acci\u00f3n ante el Plaza Amador en el estadio Rommel Fern\u00e1ndez a las 5: 00 de la tarde, cierra la segunda fecha a las 6: 00 de la tarde en Toco Castillo de Santiago de Veraguas, el partido entre el Atl\u00e9tico Verag\u00fcense y el \u00c1rabe Unido de Col\u00f3n. <\/p>\n","protected":false},"excerpt":{"rendered":"<p>El Torneo de Apertura de la Liga Paname\u00f1a de F\u00fatbol <a href=\"https:\/\/sertv.gob.pa\/nacionalfm\/continua-hoy-ii-fecha-del-torneo-de-apertura-de-la-lpf\/\"> [&#8230;]<\/a><\/p>\n","protected":false},"author":1,"featured_media":14413,"comment_status":"closed","ping_status":"closed","sticky":false,"template":"","format":"standard","meta":{"footnotes":""},"categories":[4],"tags":[],"class_list":["post-14412","post","type-post","status-publish","format-standard","has-post-thumbnail","hentry","category-deportes"],"_links":{"self":[{"href":"https:\/\/sertv.gob.pa\/nacionalfm\/wp-json\/wp\/v2\/posts\/14412","targetHints":{"allow":["GET"]}}],"collection":[{"href":"https:\/\/sertv.gob.pa\/nacionalfm\/wp-json\/wp\/v2\/posts"}],"about":[{"href":"https:\/\/sertv.gob.pa\/nacionalfm\/wp-json\/wp\/v2\/types\/post"}],"author":[{"embeddable":true,"href":"https:\/\/sertv.gob.pa\/nacionalfm\/wp-json\/wp\/v2\/users\/1"}],"replies":[{"embeddable":true,"href":"https:\/\/sertv.gob.pa\/nacionalfm\/wp-json\/wp\/v2\/comments?post=14412"}],"version-history":[{"count":0,"href":"https:\/\/sertv.gob.pa\/nacionalfm\/wp-json\/wp\/v2\/posts\/14412\/revisions"}],"wp:featuredmedia":[{"embeddable":true,"href":"https:\/\/sertv.gob.pa\/nacionalfm\/wp-json\/wp\/v2\/media\/14413"}],"wp:attachment":[{"href":"https:\/\/sertv.gob.pa\/nacionalfm\/wp-json\/wp\/v2\/media?parent=14412"}],"wp:term":[{"taxonomy":"category","embeddable":true,"href":"https:\/\/sertv.gob.pa\/nacionalfm\/wp-json\/wp\/v2\/categories?post=14412"},{"taxonomy":"post_tag","embeddable":true,"href":"https:\/\/sertv.gob.pa\/nacionalfm\/wp-json\/wp\/v2\/tags?post=14412"}],"curies":[{"name":"wp","href":"https:\/\/api.w.org\/{rel}","templated":true}]}}