{"id":14428,"date":"2016-07-25T14:49:03","date_gmt":"2016-07-25T14:49:03","guid":{"rendered":""},"modified":"2016-07-25T14:49:03","modified_gmt":"2016-07-25T14:49:03","slug":"en-vi-jornada-de-citas-en-la-chorrera-se-dieron-mas-de-500-procedimientos","status":"publish","type":"post","link":"https:\/\/sertv.gob.pa\/nacionalfm\/en-vi-jornada-de-citas-en-la-chorrera-se-dieron-mas-de-500-procedimientos\/","title":{"rendered":"En VI Jornada de Citas en La Chorrera, se dieron m\u00e1s de 500 procedimientos"},"content":{"rendered":"<p>\nQuinientos cuarenta y ocho procedimientos de gastroenteorolog\u00eda y de cirug\u00eda general se atendieron en la  VI Jornada Extraordinaria de Citas de Especialidades y de Cirug\u00edas a efectuarse en Panam\u00e1 Oeste.  <\/p>\n<p>La estad\u00edstica, dada a conocer por Registros Estad\u00edsticos en Salud (Reges) de la Caja de Seguro Social, responde al n\u00famero de atenciones dadas a pacientes en la policl\u00ednica Dr. Santiago Barraza de La Chorrera. <\/p>\n<p> Cabe destacar, que en tres d\u00edas, en la policl\u00ednica, y como parte del programa que busca disminuir la lista de pacientes en espera, Reges detall\u00f3 que del viernes 22 al domingo 24 de julio, se llevaron a la pr\u00e1ctica 204 atenciones en consulta externa gastroenterolog\u00eda, 160 endoscop\u00edas, 151 colonoscop\u00edas, 20 cirug\u00edas de hernias y 13 de catarata.  <\/p>\n<p> La VI Jornada Extraordinaria de Citas de Especialidades y de Cirug\u00edas contin\u00faa este lunes, 25 de julio en Panam\u00e1 Oeste con m\u00e1s de 21 especialidades en tres sitios de atenci\u00f3n.  <\/p>\n<p> Del mismo modo, participar\u00e1n otras instalaciones de salud en Chiriqu\u00ed, Veraguas y Cocl\u00e9.\u00a0  <\/p>\n<p>\u00a0 <\/p>\n<p>\u00a0 <\/p>\n","protected":false},"excerpt":{"rendered":"<p>Quinientos cuarenta y ocho procedimientos de gastroenteorolog\u00eda y de cirug\u00eda <a href=\"https:\/\/sertv.gob.pa\/nacionalfm\/en-vi-jornada-de-citas-en-la-chorrera-se-dieron-mas-de-500-procedimientos\/\"> [&#8230;]<\/a><\/p>\n","protected":false},"author":1,"featured_media":14429,"comment_status":"closed","ping_status":"closed","sticky":false,"template":"","format":"standard","meta":{"footnotes":""},"categories":[5],"tags":[],"class_list":["post-14428","post","type-post","status-publish","format-standard","has-post-thumbnail","hentry","category-salud"],"_links":{"self":[{"href":"https:\/\/sertv.gob.pa\/nacionalfm\/wp-json\/wp\/v2\/posts\/14428","targetHints":{"allow":["GET"]}}],"collection":[{"href":"https:\/\/sertv.gob.pa\/nacionalfm\/wp-json\/wp\/v2\/posts"}],"about":[{"href":"https:\/\/sertv.gob.pa\/nacionalfm\/wp-json\/wp\/v2\/types\/post"}],"author":[{"embeddable":true,"href":"https:\/\/sertv.gob.pa\/nacionalfm\/wp-json\/wp\/v2\/users\/1"}],"replies":[{"embeddable":true,"href":"https:\/\/sertv.gob.pa\/nacionalfm\/wp-json\/wp\/v2\/comments?post=14428"}],"version-history":[{"count":0,"href":"https:\/\/sertv.gob.pa\/nacionalfm\/wp-json\/wp\/v2\/posts\/14428\/revisions"}],"wp:featuredmedia":[{"embeddable":true,"href":"https:\/\/sertv.gob.pa\/nacionalfm\/wp-json\/wp\/v2\/media\/14429"}],"wp:attachment":[{"href":"https:\/\/sertv.gob.pa\/nacionalfm\/wp-json\/wp\/v2\/media?parent=14428"}],"wp:term":[{"taxonomy":"category","embeddable":true,"href":"https:\/\/sertv.gob.pa\/nacionalfm\/wp-json\/wp\/v2\/categories?post=14428"},{"taxonomy":"post_tag","embeddable":true,"href":"https:\/\/sertv.gob.pa\/nacionalfm\/wp-json\/wp\/v2\/tags?post=14428"}],"curies":[{"name":"wp","href":"https:\/\/api.w.org\/{rel}","templated":true}]}}