{"id":14430,"date":"2016-07-25T14:56:06","date_gmt":"2016-07-25T14:56:06","guid":{"rendered":""},"modified":"2016-07-25T14:56:06","modified_gmt":"2016-07-25T14:56:06","slug":"servicio-de-fonoaudiologia-en-policlinica-de-arraijan-brindo-mas-de-mil-atenciones","status":"publish","type":"post","link":"https:\/\/sertv.gob.pa\/nacionalfm\/servicio-de-fonoaudiologia-en-policlinica-de-arraijan-brindo-mas-de-mil-atenciones\/","title":{"rendered":"Fonoaudiolog\u00eda en policl\u00ednica de Arraij\u00e1n, brind\u00f3 m\u00e1s de mil pacientes"},"content":{"rendered":"<p>\n El servicio de fonoaudiolog\u00eda de la policl\u00ednica Dr. Blas Daniel G\u00f3mez Chetro, en Arraij\u00e1n, atendi\u00f3 a mil 656 usuarios, durante el primer semestre del a\u00f1o 2016, seg\u00fan datos de la Lcda. Mar\u00eda Mondrag\u00f3n, coordinadora del servicio.  <\/p>\n<p> Mondrag\u00f3n revel\u00f3, que el mayor tipo de patolog\u00edas que son tratadas en este servicio son: Dislalia, retraso en el lenguaje, tartamudez, afasia, disartrias, disfon\u00edas, v\u00e9rtigo posicional y disfagias, adem\u00e1s realizan las pruebas de tamizaje auditivo, emisiones otoac\u00fasticas e impedanciometr\u00eda.  <\/p>\n<p> De igual forma, la especialista indic\u00f3, que la fonoaudiolog\u00eda es la disciplina sanitaria que se ocupa de la prevenci\u00f3n, la evaluaci\u00f3n y el tratamiento de los trastornos de la comunicaci\u00f3n humana, manifestados a trav\u00e9s de patolog\u00edas y alteraciones en la voz, el habla, el lenguaje (oral, escrito y gestual), la audici\u00f3n y las funciones orofaciales, tanto en poblaci\u00f3n infantil como adulta.  <\/p>\n","protected":false},"excerpt":{"rendered":"<p>El servicio de fonoaudiolog\u00eda de la policl\u00ednica Dr. Blas Daniel <a href=\"https:\/\/sertv.gob.pa\/nacionalfm\/servicio-de-fonoaudiologia-en-policlinica-de-arraijan-brindo-mas-de-mil-atenciones\/\"> [&#8230;]<\/a><\/p>\n","protected":false},"author":1,"featured_media":14431,"comment_status":"closed","ping_status":"closed","sticky":false,"template":"","format":"standard","meta":{"footnotes":""},"categories":[5],"tags":[],"class_list":["post-14430","post","type-post","status-publish","format-standard","has-post-thumbnail","hentry","category-salud"],"_links":{"self":[{"href":"https:\/\/sertv.gob.pa\/nacionalfm\/wp-json\/wp\/v2\/posts\/14430","targetHints":{"allow":["GET"]}}],"collection":[{"href":"https:\/\/sertv.gob.pa\/nacionalfm\/wp-json\/wp\/v2\/posts"}],"about":[{"href":"https:\/\/sertv.gob.pa\/nacionalfm\/wp-json\/wp\/v2\/types\/post"}],"author":[{"embeddable":true,"href":"https:\/\/sertv.gob.pa\/nacionalfm\/wp-json\/wp\/v2\/users\/1"}],"replies":[{"embeddable":true,"href":"https:\/\/sertv.gob.pa\/nacionalfm\/wp-json\/wp\/v2\/comments?post=14430"}],"version-history":[{"count":0,"href":"https:\/\/sertv.gob.pa\/nacionalfm\/wp-json\/wp\/v2\/posts\/14430\/revisions"}],"wp:featuredmedia":[{"embeddable":true,"href":"https:\/\/sertv.gob.pa\/nacionalfm\/wp-json\/wp\/v2\/media\/14431"}],"wp:attachment":[{"href":"https:\/\/sertv.gob.pa\/nacionalfm\/wp-json\/wp\/v2\/media?parent=14430"}],"wp:term":[{"taxonomy":"category","embeddable":true,"href":"https:\/\/sertv.gob.pa\/nacionalfm\/wp-json\/wp\/v2\/categories?post=14430"},{"taxonomy":"post_tag","embeddable":true,"href":"https:\/\/sertv.gob.pa\/nacionalfm\/wp-json\/wp\/v2\/tags?post=14430"}],"curies":[{"name":"wp","href":"https:\/\/api.w.org\/{rel}","templated":true}]}}