{"id":14444,"date":"2016-07-25T16:39:29","date_gmt":"2016-07-25T16:39:29","guid":{"rendered":""},"modified":"2016-07-25T16:39:29","modified_gmt":"2016-07-25T16:39:29","slug":"nace-en-espana-el-primer-bebe-con-microcefalia-causada-por-zika","status":"publish","type":"post","link":"https:\/\/sertv.gob.pa\/nacionalfm\/nace-en-espana-el-primer-bebe-con-microcefalia-causada-por-zika\/","title":{"rendered":"Nace en Espa\u00f1a el primer beb\u00e9 con microcefalia causada por zika"},"content":{"rendered":"<p>\n Una mujer afectada por zika \u00a0dio a luz este lunes 25 de julio en Espa\u00f1a a\u00a0 un beb\u00e9 con microcefalia , el primero nacido en Europa con esa\u00a0 malformaci\u00f3 n, seg\u00fan informaron los responsables de un hospital de Barcelona. <\/p>\n<p>El beb\u00e9 de la mujer se hab\u00eda convertido en mayo pasado en el primero en Espa\u00f1a en ser diagnosticado con microcefalia, y el segundo en Europa, luego de otro feto afectado en Eslovenia, pero en ese caso los padres decidieron abortar. <\/p>\n<p>La mujer se contagi\u00f3 del zika en un viaje a un pa\u00eds extranjero, pero las autoridades han mantenido hermetismo sobre d\u00f3nde habr\u00eda sido. <\/p>\n<p>&ldquo;El beb\u00e9 no precis\u00f3 ninguna reanimaci\u00f3n espec\u00edfica. Se encuentra cl\u00ednicamente bien (&#8230;) con constantes normales y estables&rdquo;, dijo en una rueda de prensa F\u00e9lix Castillo, director del servicio de neonatolog\u00eda del hospital Vall d&rsquo;Hebron de Barcelona, en la regi\u00f3n nororiental de Catalu\u00f1a. <\/p>\n<p>El beb\u00e9, cuyo sexo no desvelaron por motivos de privacidad, est\u00e1 &ldquo;monitorizado&rdquo; constantemente y las primeras pruebas practicadas confirmaron que &ldquo;tiene el per\u00edmetro craneal m\u00e1s bajo de lo habitual y que tiene microcefalia&rdquo;, a\u00f1adi\u00f3. <\/p>\n<p>La microcefalia es una malformaci\u00f3n grave e irreversible que se caracteriza por una talla anormalmente peque\u00f1a del cr\u00e1neo en los reci\u00e9n nacidos y por d\u00e9ficits neurol\u00f3gicos asociados. <\/p>\n<p>El parto se practic\u00f3 por ces\u00e1rea una vez cumplidas las cuarenta semanas de embarazo. &ldquo;La evoluci\u00f3n de la madre es muy buena&rdquo; y tanto ella como el padre &ldquo;est\u00e1n muy emocionados&rdquo; con el nacimiento, se\u00f1al\u00f3 la doctora Elena Carreras, directora del servicio de obstetricia. <\/p>\n<p>Los doctores rechazaron dar ninguna otra informaci\u00f3n sobre el beb\u00e9 y la madre. <\/p>\n<p>Espa\u00f1a es uno de los pa\u00edses europeos m\u00e1s afectados por esta epidemia de zika que afecta principalmente a Am\u00e9rica Latina y el Caribe. La poblaci\u00f3n originaria de esas zonas representa un 21.8% del total de extranjeros del pa\u00eds, por lo que los viajes all\u00ed son frecuentes. <\/p>\n<p>Seg\u00fan datos del ministerio de Sanidad del 22 de junio, en el pa\u00eds hay 190 personas infectadas por este virus. Todas ellas adquirieron la enfermedad en viajes a zonas con zika, salvo un caso de transmisi\u00f3n por v\u00eda sexual en la regi\u00f3n de Madrid. <\/p>\n","protected":false},"excerpt":{"rendered":"<p>Una mujer afectada por zika \u00a0dio a luz este lunes <a href=\"https:\/\/sertv.gob.pa\/nacionalfm\/nace-en-espana-el-primer-bebe-con-microcefalia-causada-por-zika\/\"> [&#8230;]<\/a><\/p>\n","protected":false},"author":1,"featured_media":14445,"comment_status":"closed","ping_status":"closed","sticky":false,"template":"","format":"standard","meta":{"footnotes":""},"categories":[5],"tags":[],"class_list":["post-14444","post","type-post","status-publish","format-standard","has-post-thumbnail","hentry","category-salud"],"_links":{"self":[{"href":"https:\/\/sertv.gob.pa\/nacionalfm\/wp-json\/wp\/v2\/posts\/14444","targetHints":{"allow":["GET"]}}],"collection":[{"href":"https:\/\/sertv.gob.pa\/nacionalfm\/wp-json\/wp\/v2\/posts"}],"about":[{"href":"https:\/\/sertv.gob.pa\/nacionalfm\/wp-json\/wp\/v2\/types\/post"}],"author":[{"embeddable":true,"href":"https:\/\/sertv.gob.pa\/nacionalfm\/wp-json\/wp\/v2\/users\/1"}],"replies":[{"embeddable":true,"href":"https:\/\/sertv.gob.pa\/nacionalfm\/wp-json\/wp\/v2\/comments?post=14444"}],"version-history":[{"count":0,"href":"https:\/\/sertv.gob.pa\/nacionalfm\/wp-json\/wp\/v2\/posts\/14444\/revisions"}],"wp:featuredmedia":[{"embeddable":true,"href":"https:\/\/sertv.gob.pa\/nacionalfm\/wp-json\/wp\/v2\/media\/14445"}],"wp:attachment":[{"href":"https:\/\/sertv.gob.pa\/nacionalfm\/wp-json\/wp\/v2\/media?parent=14444"}],"wp:term":[{"taxonomy":"category","embeddable":true,"href":"https:\/\/sertv.gob.pa\/nacionalfm\/wp-json\/wp\/v2\/categories?post=14444"},{"taxonomy":"post_tag","embeddable":true,"href":"https:\/\/sertv.gob.pa\/nacionalfm\/wp-json\/wp\/v2\/tags?post=14444"}],"curies":[{"name":"wp","href":"https:\/\/api.w.org\/{rel}","templated":true}]}}