{"id":14448,"date":"2016-07-25T19:01:18","date_gmt":"2016-07-25T19:01:18","guid":{"rendered":""},"modified":"2016-07-25T19:01:18","modified_gmt":"2016-07-25T19:01:18","slug":"para-mejor-atencion-amplian-area-de-flebotomia-en-laboratorio-de-phsf-en-colon","status":"publish","type":"post","link":"https:\/\/sertv.gob.pa\/nacionalfm\/para-mejor-atencion-amplian-area-de-flebotomia-en-laboratorio-de-phsf-en-colon\/","title":{"rendered":"Buscan mejora de atenci\u00f3n con ampliaci\u00f3n de \u00e1rea de Flebotom\u00eda de PHSF"},"content":{"rendered":"<p>\nCon miras hacia una atenci\u00f3n m\u00e1s expedita, ampl\u00edan \u00e1rea de flebotom\u00eda del servicio de laboratorio de la policl\u00ednica Hugo Spadafora Franco de la Caja de Seguro Social, en la provincia de Col\u00f3n, seg\u00fan dio a conocer, la jefa de laboratorio de la unidad ejecutora, Mayla Pinedo. <\/p>\n<p>El \u00e1rea ha sido expandida a fin de que los funcionarios cuenten con un espacio m\u00e1s c\u00f3modo para el proceso de extracci\u00f3n de sangre e igualmente se habilit\u00f3 una sala de espera para los pacientes que les permita tener mayor accesibilidad al momento de ser llamados para el turno que le corresponde. <\/p>\n<p>Mientras que el espacio f\u00edsico que antes ocupaba el flebotomista servir\u00e1 para la colocaci\u00f3n de los equipos de laboratorio que requieren de un lugar m\u00e1s amplio, indic\u00f3 Pinedo. <\/p>\n<p>Adicion\u00f3, que con esta ampliaci\u00f3n se disminuye el problema de hacinamiento del servicio de laboratorio, donde diariamente se atienden aproximadamente 300 pacientes. <\/p>\n<p>\u00a0 <\/p>\n<p>\u00a0 <\/p>\n","protected":false},"excerpt":{"rendered":"<p>Con miras hacia una atenci\u00f3n m\u00e1s expedita, ampl\u00edan \u00e1rea de <a href=\"https:\/\/sertv.gob.pa\/nacionalfm\/para-mejor-atencion-amplian-area-de-flebotomia-en-laboratorio-de-phsf-en-colon\/\"> [&#8230;]<\/a><\/p>\n","protected":false},"author":1,"featured_media":14449,"comment_status":"closed","ping_status":"closed","sticky":false,"template":"","format":"standard","meta":{"footnotes":""},"categories":[5],"tags":[],"class_list":["post-14448","post","type-post","status-publish","format-standard","has-post-thumbnail","hentry","category-salud"],"_links":{"self":[{"href":"https:\/\/sertv.gob.pa\/nacionalfm\/wp-json\/wp\/v2\/posts\/14448","targetHints":{"allow":["GET"]}}],"collection":[{"href":"https:\/\/sertv.gob.pa\/nacionalfm\/wp-json\/wp\/v2\/posts"}],"about":[{"href":"https:\/\/sertv.gob.pa\/nacionalfm\/wp-json\/wp\/v2\/types\/post"}],"author":[{"embeddable":true,"href":"https:\/\/sertv.gob.pa\/nacionalfm\/wp-json\/wp\/v2\/users\/1"}],"replies":[{"embeddable":true,"href":"https:\/\/sertv.gob.pa\/nacionalfm\/wp-json\/wp\/v2\/comments?post=14448"}],"version-history":[{"count":0,"href":"https:\/\/sertv.gob.pa\/nacionalfm\/wp-json\/wp\/v2\/posts\/14448\/revisions"}],"wp:featuredmedia":[{"embeddable":true,"href":"https:\/\/sertv.gob.pa\/nacionalfm\/wp-json\/wp\/v2\/media\/14449"}],"wp:attachment":[{"href":"https:\/\/sertv.gob.pa\/nacionalfm\/wp-json\/wp\/v2\/media?parent=14448"}],"wp:term":[{"taxonomy":"category","embeddable":true,"href":"https:\/\/sertv.gob.pa\/nacionalfm\/wp-json\/wp\/v2\/categories?post=14448"},{"taxonomy":"post_tag","embeddable":true,"href":"https:\/\/sertv.gob.pa\/nacionalfm\/wp-json\/wp\/v2\/tags?post=14448"}],"curies":[{"name":"wp","href":"https:\/\/api.w.org\/{rel}","templated":true}]}}