{"id":14454,"date":"2016-07-25T21:38:46","date_gmt":"2016-07-25T21:38:46","guid":{"rendered":""},"modified":"2016-07-25T21:38:46","modified_gmt":"2016-07-25T21:38:46","slug":"campeones-latinoamericanos-de-beisbol-reciben-reconocimiento","status":"publish","type":"post","link":"https:\/\/sertv.gob.pa\/nacionalfm\/campeones-latinoamericanos-de-beisbol-reciben-reconocimiento\/","title":{"rendered":"Campeones Latinoamericanos de B\u00e9isbol reciben reconocimiento"},"content":{"rendered":"<p>\nEl alcalde del distrito capital de Panam\u00e1 Jos\u00e9 Isabel Bland\u00f3n Figueroa le hizo un reconocimiento a los Campeones de la Serie Latinoamericana de B\u00e9isbol Preintermedio, mediante un almuerzo realizado en un restaurante de la localidad. <\/p>\n<p>Al agasajo asistieron los jugadores, parte del \u00a0cuerpo t\u00e9cnico y familiares quienes agradecieron el apoyo brindado por la Alcald\u00eda de Panam\u00e1 al b\u00e9isbol preintermedio. <\/p>\n<p>Panam\u00e1 gan\u00f3 el pasado s\u00e1bado 16 de julio la Serie Latinoamericana de B\u00e9isbol Preintermedio al vencer a su similar de Puerto Rico por marcador 5-4 en el partido final del certamen que se desarroll\u00f3 en Saint Martin. <\/p>\n<p>El pa\u00eds fue representado en este torneo por la Liga Tom\u00e1s Mu\u00f1oz de Juan D\u00edaz, equipo que dar\u00e1 la cara en representaci\u00f3n de la regi\u00f3n de Latinoam\u00e9rica en el mes de agosto en la Serie Mundial en la ciudad estadounidense de Taylor, Michigan. <\/p>\n<p>La Serie Mundial J\u00fanior (preintermedia) se jugar\u00e1 del 14 al 21 de agosto \u00a0de 2016 en la ciudad estadounidense de Taylor, Michigan. <\/p>\n<p>\u00a0 <\/p>\n","protected":false},"excerpt":{"rendered":"<p>El alcalde del distrito capital de Panam\u00e1 Jos\u00e9 Isabel Bland\u00f3n <a href=\"https:\/\/sertv.gob.pa\/nacionalfm\/campeones-latinoamericanos-de-beisbol-reciben-reconocimiento\/\"> [&#8230;]<\/a><\/p>\n","protected":false},"author":1,"featured_media":14455,"comment_status":"closed","ping_status":"closed","sticky":false,"template":"","format":"standard","meta":{"footnotes":""},"categories":[4],"tags":[],"class_list":["post-14454","post","type-post","status-publish","format-standard","has-post-thumbnail","hentry","category-deportes"],"_links":{"self":[{"href":"https:\/\/sertv.gob.pa\/nacionalfm\/wp-json\/wp\/v2\/posts\/14454","targetHints":{"allow":["GET"]}}],"collection":[{"href":"https:\/\/sertv.gob.pa\/nacionalfm\/wp-json\/wp\/v2\/posts"}],"about":[{"href":"https:\/\/sertv.gob.pa\/nacionalfm\/wp-json\/wp\/v2\/types\/post"}],"author":[{"embeddable":true,"href":"https:\/\/sertv.gob.pa\/nacionalfm\/wp-json\/wp\/v2\/users\/1"}],"replies":[{"embeddable":true,"href":"https:\/\/sertv.gob.pa\/nacionalfm\/wp-json\/wp\/v2\/comments?post=14454"}],"version-history":[{"count":0,"href":"https:\/\/sertv.gob.pa\/nacionalfm\/wp-json\/wp\/v2\/posts\/14454\/revisions"}],"wp:featuredmedia":[{"embeddable":true,"href":"https:\/\/sertv.gob.pa\/nacionalfm\/wp-json\/wp\/v2\/media\/14455"}],"wp:attachment":[{"href":"https:\/\/sertv.gob.pa\/nacionalfm\/wp-json\/wp\/v2\/media?parent=14454"}],"wp:term":[{"taxonomy":"category","embeddable":true,"href":"https:\/\/sertv.gob.pa\/nacionalfm\/wp-json\/wp\/v2\/categories?post=14454"},{"taxonomy":"post_tag","embeddable":true,"href":"https:\/\/sertv.gob.pa\/nacionalfm\/wp-json\/wp\/v2\/tags?post=14454"}],"curies":[{"name":"wp","href":"https:\/\/api.w.org\/{rel}","templated":true}]}}