{"id":14460,"date":"2016-07-26T16:13:38","date_gmt":"2016-07-26T16:13:38","guid":{"rendered":""},"modified":"2016-07-26T16:13:38","modified_gmt":"2016-07-26T16:13:38","slug":"galenos-panamenos-reciben-capacitacion-en-vi-congreso-medico-nacional","status":"publish","type":"post","link":"https:\/\/sertv.gob.pa\/nacionalfm\/galenos-panamenos-reciben-capacitacion-en-vi-congreso-medico-nacional\/","title":{"rendered":"Galenos paname\u00f1os se capacitan en \u201cVI Congreso M\u00e9dico Nacional\u201d"},"content":{"rendered":"<p>\n Recientemente, un grupo de galenos paname\u00f1os, se dieron cita en el &ldquo;VI Congreso M\u00e9dico Nacional&rdquo;, con la finalidad de extender conocimientos\u00a0 e intercambiar\u00a0 ideas\u00a0 en temas de la medicina que implican avances para sus tratamientos.  <\/p>\n<p> En el importante programa cient\u00edfico los m\u00e9dicos paname\u00f1os desarrollaron temas de medicina transfusional, enfermedades transmisibles, herramientas claves para la toma de decisiones en salud, tercera edad sana un reto para todos y de neurolog\u00eda.  <\/p>\n<p>El ministro consejero de Salud Dr. Tem\u00edstocles D\u00edaz, quien expuso sobre la importancia de mantenerse saludable en la tercera etapa de nuestras vidas, hizo referencia a que nuestra salud de adultos depende de c\u00f3mo llevemos la vida desde la infancia. <\/p>\n<p> Enfatiz\u00f3 que la educaci\u00f3n alimenticia juega un papel preponderante, al igual que practicar deportes y hacer ejercicios para evitar enfermedades como la hipertensi\u00f3n arterial, diabetes y obesidad.  <\/p>\n<p>Sobre este tema, el doctor D\u00edaz expres\u00f3 que el Ministerio de Salud (MINSA) y el Ministerio de Educaci\u00f3n (MEDUCA), trabajan conjuntamente en el programa de los kioscos escolares,\u00a0 para que nuestros ni\u00f1os consuman alimentos sanos y apropiados que le ayuden a un mejor desarrollo de la salud. <\/p>\n","protected":false},"excerpt":{"rendered":"<p>Recientemente, un grupo de galenos paname\u00f1os, se dieron cita en <a href=\"https:\/\/sertv.gob.pa\/nacionalfm\/galenos-panamenos-reciben-capacitacion-en-vi-congreso-medico-nacional\/\"> [&#8230;]<\/a><\/p>\n","protected":false},"author":1,"featured_media":14461,"comment_status":"closed","ping_status":"closed","sticky":false,"template":"","format":"standard","meta":{"footnotes":""},"categories":[5],"tags":[],"class_list":["post-14460","post","type-post","status-publish","format-standard","has-post-thumbnail","hentry","category-salud"],"_links":{"self":[{"href":"https:\/\/sertv.gob.pa\/nacionalfm\/wp-json\/wp\/v2\/posts\/14460","targetHints":{"allow":["GET"]}}],"collection":[{"href":"https:\/\/sertv.gob.pa\/nacionalfm\/wp-json\/wp\/v2\/posts"}],"about":[{"href":"https:\/\/sertv.gob.pa\/nacionalfm\/wp-json\/wp\/v2\/types\/post"}],"author":[{"embeddable":true,"href":"https:\/\/sertv.gob.pa\/nacionalfm\/wp-json\/wp\/v2\/users\/1"}],"replies":[{"embeddable":true,"href":"https:\/\/sertv.gob.pa\/nacionalfm\/wp-json\/wp\/v2\/comments?post=14460"}],"version-history":[{"count":0,"href":"https:\/\/sertv.gob.pa\/nacionalfm\/wp-json\/wp\/v2\/posts\/14460\/revisions"}],"wp:featuredmedia":[{"embeddable":true,"href":"https:\/\/sertv.gob.pa\/nacionalfm\/wp-json\/wp\/v2\/media\/14461"}],"wp:attachment":[{"href":"https:\/\/sertv.gob.pa\/nacionalfm\/wp-json\/wp\/v2\/media?parent=14460"}],"wp:term":[{"taxonomy":"category","embeddable":true,"href":"https:\/\/sertv.gob.pa\/nacionalfm\/wp-json\/wp\/v2\/categories?post=14460"},{"taxonomy":"post_tag","embeddable":true,"href":"https:\/\/sertv.gob.pa\/nacionalfm\/wp-json\/wp\/v2\/tags?post=14460"}],"curies":[{"name":"wp","href":"https:\/\/api.w.org\/{rel}","templated":true}]}}