{"id":14462,"date":"2016-07-26T16:42:19","date_gmt":"2016-07-26T16:42:19","guid":{"rendered":""},"modified":"2016-07-26T16:42:19","modified_gmt":"2016-07-26T16:42:19","slug":"minsa-y-ops-enfocados-en-la-gestion-salud-de-panama","status":"publish","type":"post","link":"https:\/\/sertv.gob.pa\/nacionalfm\/minsa-y-ops-enfocados-en-la-gestion-salud-de-panama\/","title":{"rendered":"MINSA y OPS enfocados en la gesti\u00f3n salud de Panam\u00e1"},"content":{"rendered":"<p>\n El Ministerio de Salud (MINSA) llev\u00f3 a cabo una reuni\u00f3n de consulta para el Dise\u00f1o y Mejoramiento de las Herramientas de la Metodolog\u00eda de Gesti\u00f3n Productiva de los Servicios de Salud, ante la presencia de delegados internacionales del Consejo de Ministros de Salud de Centroam\u00e9rica (COMISCA).<br \/>\n\u00a0<br \/>\n Durante este evento el ministro de Salud encargado, Dr. Eric Ulloa, afirm\u00f3 que con esta iniciativa Panam\u00e1 se ha beneficiado por contar con un equipo de profesionales de alto prestigio y reconocimiento que han hecho de la metodolog\u00eda el mecanismo para el desarrollo hospitalario sobre la base de la calidad y el derecho a la salud.<br \/>\n\u00a0<br \/>\n Coment\u00f3 que gracias el apoyo de la Organizaci\u00f3n Panamericana de la Salud (OMS\/OPS) se han capacitado a los directores y planificadores de hospitales, pero a\u00fan falta extender los esfuerzos hacia una correcta y oportuna implementaci\u00f3n y aplicaci\u00f3n, de manera que se fortalezca la gesti\u00f3n hospitalaria y que sea c\u00f3nsona con la realidad de Panam\u00e1.<br \/>\n\u00a0<br \/>\n Por otro lado, el Representante de OMS\/OPS en Washington, Dr. Reinaldo Holder revel\u00f3, que la gesti\u00f3n de los servicios de salud requiere una atenci\u00f3n especial, por lo que la importancia que el secretariado de OPS le da es compartido por los pa\u00edses participantes.<br \/>\n\u00a0<br \/>\nEl Dr. Holder, se\u00f1al\u00f3 que espera que este encuentro genere frutos significativos en beneficio de los pa\u00edses de las Am\u00e9ricas y augur\u00f3 el \u00e9xito de la reuni\u00f3n, de la que dijo estar\u00e1 seguro, lograr\u00e1 los objetivos.<br \/>\n\u00a0 <\/p>\n<p> Para este evento participaron en representaci\u00f3n de la OPS, la Dra. Hilda Leal de Molina, los viceministros de Salud de Venezuela, Wilmer B\u00e1ez y de Paraguay Mar\u00eda Teresa Mar\u00e1n; as\u00ed como tambi\u00e9n el subsecretario de Redes Asistenciales de M\u00e9xico, Alejandro Ramos. Igualmente estuvieron directores, asesores y colaboradores del MINSA, de la OMS y de la OPS.  <\/p>\n","protected":false},"excerpt":{"rendered":"<p>El Ministerio de Salud (MINSA) llev\u00f3 a cabo una reuni\u00f3n <a href=\"https:\/\/sertv.gob.pa\/nacionalfm\/minsa-y-ops-enfocados-en-la-gestion-salud-de-panama\/\"> [&#8230;]<\/a><\/p>\n","protected":false},"author":1,"featured_media":14463,"comment_status":"closed","ping_status":"closed","sticky":false,"template":"","format":"standard","meta":{"footnotes":""},"categories":[5],"tags":[],"class_list":["post-14462","post","type-post","status-publish","format-standard","has-post-thumbnail","hentry","category-salud"],"_links":{"self":[{"href":"https:\/\/sertv.gob.pa\/nacionalfm\/wp-json\/wp\/v2\/posts\/14462","targetHints":{"allow":["GET"]}}],"collection":[{"href":"https:\/\/sertv.gob.pa\/nacionalfm\/wp-json\/wp\/v2\/posts"}],"about":[{"href":"https:\/\/sertv.gob.pa\/nacionalfm\/wp-json\/wp\/v2\/types\/post"}],"author":[{"embeddable":true,"href":"https:\/\/sertv.gob.pa\/nacionalfm\/wp-json\/wp\/v2\/users\/1"}],"replies":[{"embeddable":true,"href":"https:\/\/sertv.gob.pa\/nacionalfm\/wp-json\/wp\/v2\/comments?post=14462"}],"version-history":[{"count":0,"href":"https:\/\/sertv.gob.pa\/nacionalfm\/wp-json\/wp\/v2\/posts\/14462\/revisions"}],"wp:featuredmedia":[{"embeddable":true,"href":"https:\/\/sertv.gob.pa\/nacionalfm\/wp-json\/wp\/v2\/media\/14463"}],"wp:attachment":[{"href":"https:\/\/sertv.gob.pa\/nacionalfm\/wp-json\/wp\/v2\/media?parent=14462"}],"wp:term":[{"taxonomy":"category","embeddable":true,"href":"https:\/\/sertv.gob.pa\/nacionalfm\/wp-json\/wp\/v2\/categories?post=14462"},{"taxonomy":"post_tag","embeddable":true,"href":"https:\/\/sertv.gob.pa\/nacionalfm\/wp-json\/wp\/v2\/tags?post=14462"}],"curies":[{"name":"wp","href":"https:\/\/api.w.org\/{rel}","templated":true}]}}