{"id":14474,"date":"2016-07-28T16:06:49","date_gmt":"2016-07-28T16:06:49","guid":{"rendered":""},"modified":"2016-07-28T16:06:49","modified_gmt":"2016-07-28T16:06:49","slug":"practican-masiva-intervencion-de-cataratas-en-vi-jornada-extraordinaria","status":"publish","type":"post","link":"https:\/\/sertv.gob.pa\/nacionalfm\/practican-masiva-intervencion-de-cataratas-en-vi-jornada-extraordinaria\/","title":{"rendered":"Practican masiva intervenci\u00f3n de cataratas en VI Jornada Extraordinaria"},"content":{"rendered":"<p>\n Doscientas cinco cirug\u00edas de cataratas es la proyecci\u00f3n de atenci\u00f3n que efectuar\u00e1 el personal especializado de la Caja de Seguro Social (CSS), a trav\u00e9s de la Mega Jornada Extraordinaria de Citas de Especialidades y Cirug\u00edas.  <\/p>\n<p> Sobre el particular, Carlos D\u00edaz, coordinador nacional de oftalmolog\u00eda de la CSS, detall\u00f3 el programa de trabajo que incluye 110 cirug\u00edas en la policl\u00ednica Dr. Santiago Barraza en La Chorrera; 55 en el hospital Rafael Est\u00e9vez de Aguadulce y 40 en la ULAPS de Volc\u00e1n en Chiriqu\u00ed.  <\/p>\n<p> Esta estad\u00edstica excluye el impacto de la consulta especializada de oftalmolog\u00eda y retina que se pueda generar los d\u00edas 30 y 31 de julio, en la policl\u00ednica Santiago Barraza de La Chorrera donde se realizar\u00e1 la consulta externa de la VI Jornada Extraordinaria.  <\/p>\n<p> Hay que mencionar, que fue debido a la gran demanda de pacientes con problemas oftalmol\u00f3gicos, lo que motiv\u00f3 a las autoridades de la CSS para programar jornadas masivas de atenci\u00f3n en todo Panam\u00e1.  <\/p>\n<p> La VI Jornada Extraordinaria de Citas de Especialidades y Cirug\u00edas en Panam\u00e1 Oeste tuvo su inicio el 25 de julio y se extender\u00e1 hasta el 31 de julio.  <\/p>\n<p>Esta jornada incluye la participaci\u00f3n de otras instalaciones de salud en las provincias de Chiriqu\u00ed, Cocl\u00e9 y Veraguas. <\/p>\n<p>\u00a0 <\/p>\n","protected":false},"excerpt":{"rendered":"<p>Doscientas cinco cirug\u00edas de cataratas es la proyecci\u00f3n de atenci\u00f3n <a href=\"https:\/\/sertv.gob.pa\/nacionalfm\/practican-masiva-intervencion-de-cataratas-en-vi-jornada-extraordinaria\/\"> [&#8230;]<\/a><\/p>\n","protected":false},"author":1,"featured_media":14475,"comment_status":"closed","ping_status":"closed","sticky":false,"template":"","format":"standard","meta":{"footnotes":""},"categories":[5],"tags":[],"class_list":["post-14474","post","type-post","status-publish","format-standard","has-post-thumbnail","hentry","category-salud"],"_links":{"self":[{"href":"https:\/\/sertv.gob.pa\/nacionalfm\/wp-json\/wp\/v2\/posts\/14474","targetHints":{"allow":["GET"]}}],"collection":[{"href":"https:\/\/sertv.gob.pa\/nacionalfm\/wp-json\/wp\/v2\/posts"}],"about":[{"href":"https:\/\/sertv.gob.pa\/nacionalfm\/wp-json\/wp\/v2\/types\/post"}],"author":[{"embeddable":true,"href":"https:\/\/sertv.gob.pa\/nacionalfm\/wp-json\/wp\/v2\/users\/1"}],"replies":[{"embeddable":true,"href":"https:\/\/sertv.gob.pa\/nacionalfm\/wp-json\/wp\/v2\/comments?post=14474"}],"version-history":[{"count":0,"href":"https:\/\/sertv.gob.pa\/nacionalfm\/wp-json\/wp\/v2\/posts\/14474\/revisions"}],"wp:featuredmedia":[{"embeddable":true,"href":"https:\/\/sertv.gob.pa\/nacionalfm\/wp-json\/wp\/v2\/media\/14475"}],"wp:attachment":[{"href":"https:\/\/sertv.gob.pa\/nacionalfm\/wp-json\/wp\/v2\/media?parent=14474"}],"wp:term":[{"taxonomy":"category","embeddable":true,"href":"https:\/\/sertv.gob.pa\/nacionalfm\/wp-json\/wp\/v2\/categories?post=14474"},{"taxonomy":"post_tag","embeddable":true,"href":"https:\/\/sertv.gob.pa\/nacionalfm\/wp-json\/wp\/v2\/tags?post=14474"}],"curies":[{"name":"wp","href":"https:\/\/api.w.org\/{rel}","templated":true}]}}