{"id":14476,"date":"2016-07-28T16:24:11","date_gmt":"2016-07-28T16:24:11","guid":{"rendered":""},"modified":"2016-07-28T16:24:11","modified_gmt":"2016-07-28T16:24:11","slug":"inicia-xxv-jornada-odontologica-de-la-css","status":"publish","type":"post","link":"https:\/\/sertv.gob.pa\/nacionalfm\/inicia-xxv-jornada-odontologica-de-la-css\/","title":{"rendered":"Inicia \u201cXXV Jornada Odontol\u00f3gica\u201d, de la CSS"},"content":{"rendered":"<p>\n Con la participaci\u00f3n de 500 profesionales de la odontolog\u00eda, la Caja de Seguro Social inaugur\u00f3 el mi\u00e9rcoles, 27 de julio, la XXV Jornada Odontol\u00f3gica que se desarrollar\u00e1 a partir de este jueves, 28 y viernes, 29 de julio, en la cual se llevar\u00e1n a cabo diversas actividades acad\u00e9micas como conferencias te\u00f3ricas, programas cient\u00edficos y talleres.  <\/p>\n<p>Al respecto, la Dra. Vielka Lasso, jefa nacional del departamento de Odontolog\u00eda de la CSS, dio a conocer, que la actividad docente, que lleva como lema  &ldquo;Camino hacia la superaci\u00f3n, 25 a\u00f1os de entrega y   compromiso&rdquo;,  cuenta con la participaci\u00f3n de  500 profesionales entre odont\u00f3logos, t\u00e9cnicos asistentes e higienistas dentales.  <\/p>\n<p> En esta oportunidad, destac\u00f3 Lasso, las docencias est\u00e1n dirigidas a la actualizaci\u00f3n de los odont\u00f3logos sobre las nuevas tecnolog\u00edas y los procedimientos en el campo de la endodoncia y la restauraci\u00f3n dental.  <\/p>\n<p>Durante el acto de inauguraci\u00f3n, el director general de la CSS, Dr. Estivenson Gir\u00f3n, pronunci\u00f3 que la jornada docente tiene un alto significado para la instituci\u00f3n, porque permite fortalecer los servicios odontol\u00f3gicos, la calidad de los mismos, la seguridad del paciente y del personal, mejorar los indicadores de salud de la poblaci\u00f3n y aportar motivaci\u00f3n y la satisfacci\u00f3n profesional de la poblaci\u00f3n laboral bajo nuestra responsabilidad. <\/p>\n<p>Adem\u00e1s, indic\u00f3, le agrega el valor de la oportunidad del convivio entre funcionarios a nivel nacional de la misma rama en un evento de esta magnitud, gracias a la iniciativa y coordinaciones del equipo de trabajo que hace posible el desarrollo anual de estas jornadas odontol\u00f3gicas. <\/p>\n<p> Durante el desarrollo de la jornada, que dura dos d\u00edas, se efectuar\u00e1n conferencias te\u00f3ricas y talleres pr\u00e1cticos de endodoncia y restauraci\u00f3n; conjuntamente, se realizar\u00e1n programas cient\u00edficos para t\u00e9cnicos en asistencia odontol\u00f3gica en los que se capacitar\u00e1 sobre los protocolos en bioseguridad, normas t\u00e9cnicas administrativas, nuevos retos profesionales en el campo de la odontolog\u00eda.\u00a0  <\/p>\n","protected":false},"excerpt":{"rendered":"<p>Con la participaci\u00f3n de 500 profesionales de la odontolog\u00eda, la <a href=\"https:\/\/sertv.gob.pa\/nacionalfm\/inicia-xxv-jornada-odontologica-de-la-css\/\"> [&#8230;]<\/a><\/p>\n","protected":false},"author":1,"featured_media":14477,"comment_status":"closed","ping_status":"closed","sticky":false,"template":"","format":"standard","meta":{"footnotes":""},"categories":[5],"tags":[],"class_list":["post-14476","post","type-post","status-publish","format-standard","has-post-thumbnail","hentry","category-salud"],"_links":{"self":[{"href":"https:\/\/sertv.gob.pa\/nacionalfm\/wp-json\/wp\/v2\/posts\/14476","targetHints":{"allow":["GET"]}}],"collection":[{"href":"https:\/\/sertv.gob.pa\/nacionalfm\/wp-json\/wp\/v2\/posts"}],"about":[{"href":"https:\/\/sertv.gob.pa\/nacionalfm\/wp-json\/wp\/v2\/types\/post"}],"author":[{"embeddable":true,"href":"https:\/\/sertv.gob.pa\/nacionalfm\/wp-json\/wp\/v2\/users\/1"}],"replies":[{"embeddable":true,"href":"https:\/\/sertv.gob.pa\/nacionalfm\/wp-json\/wp\/v2\/comments?post=14476"}],"version-history":[{"count":0,"href":"https:\/\/sertv.gob.pa\/nacionalfm\/wp-json\/wp\/v2\/posts\/14476\/revisions"}],"wp:featuredmedia":[{"embeddable":true,"href":"https:\/\/sertv.gob.pa\/nacionalfm\/wp-json\/wp\/v2\/media\/14477"}],"wp:attachment":[{"href":"https:\/\/sertv.gob.pa\/nacionalfm\/wp-json\/wp\/v2\/media?parent=14476"}],"wp:term":[{"taxonomy":"category","embeddable":true,"href":"https:\/\/sertv.gob.pa\/nacionalfm\/wp-json\/wp\/v2\/categories?post=14476"},{"taxonomy":"post_tag","embeddable":true,"href":"https:\/\/sertv.gob.pa\/nacionalfm\/wp-json\/wp\/v2\/tags?post=14476"}],"curies":[{"name":"wp","href":"https:\/\/api.w.org\/{rel}","templated":true}]}}