{"id":14496,"date":"2016-07-29T14:38:39","date_gmt":"2016-07-29T14:38:39","guid":{"rendered":""},"modified":"2016-07-29T14:38:39","modified_gmt":"2016-07-29T14:38:39","slug":"este-domingo-carrera-sobre-silla-de-ruedas-en-penonome","status":"publish","type":"post","link":"https:\/\/sertv.gob.pa\/nacionalfm\/este-domingo-carrera-sobre-silla-de-ruedas-en-penonome\/","title":{"rendered":"Este domingo Carrera Sobre Silla de Ruedas en Penonom\u00e9"},"content":{"rendered":"<p>\nEste domingo 31 de julio desde las 7 de la ma\u00f1ana, un total de 107 corredores participar\u00e1n en la XIII versi\u00f3n de la carrera nacional de Sillas de Ruedas, evento auspiciado por el Instituto Nacional de Deportes, La Loter\u00eda Nacional de Beneficencia, Secretar\u00eda \u00a0Nacional de Discapacidad y la Gobernaci\u00f3n de Cocl\u00e9. <\/p>\n<p>Los Biciciclos correr\u00e1n 10 kil\u00f3metros en \u00e1rea que inicia desde la entrada del poblado de Santamar\u00eda; 5 kil\u00f3metros para la sillas de ruedas tradicionales, cuya partida ser\u00e1 en la entrada de los Uveros y la categor\u00eda infantil que contempla una carrera de 500 metros desde las oficinas principales de la Loter\u00eda de Penonom\u00e9. <\/p>\n<p>La meta para todas las partidas ser\u00e1 el Parque 8 de diciembre, en pleno centro de la ciudad de Penonom\u00e9. <\/p>\n<p>La premiaci\u00f3n para todas las categor\u00edas contempla para el primer lugar 100 balboas; 80 el segundo y 60 para el tercero. Igualmente se otorgar\u00e1n trofeos, un incentivo econ\u00f3mico en todas las categor\u00edas desde la cuarta hasta la d\u00e9cima posici\u00f3n adem\u00e1s de art\u00edculos promocionales a todos los corredores. <\/p>\n<p>\u00a0 <\/p>\n","protected":false},"excerpt":{"rendered":"<p>Este domingo 31 de julio desde las 7 de la <a href=\"https:\/\/sertv.gob.pa\/nacionalfm\/este-domingo-carrera-sobre-silla-de-ruedas-en-penonome\/\"> [&#8230;]<\/a><\/p>\n","protected":false},"author":1,"featured_media":14497,"comment_status":"closed","ping_status":"closed","sticky":false,"template":"","format":"standard","meta":{"footnotes":""},"categories":[4],"tags":[],"class_list":["post-14496","post","type-post","status-publish","format-standard","has-post-thumbnail","hentry","category-deportes"],"_links":{"self":[{"href":"https:\/\/sertv.gob.pa\/nacionalfm\/wp-json\/wp\/v2\/posts\/14496","targetHints":{"allow":["GET"]}}],"collection":[{"href":"https:\/\/sertv.gob.pa\/nacionalfm\/wp-json\/wp\/v2\/posts"}],"about":[{"href":"https:\/\/sertv.gob.pa\/nacionalfm\/wp-json\/wp\/v2\/types\/post"}],"author":[{"embeddable":true,"href":"https:\/\/sertv.gob.pa\/nacionalfm\/wp-json\/wp\/v2\/users\/1"}],"replies":[{"embeddable":true,"href":"https:\/\/sertv.gob.pa\/nacionalfm\/wp-json\/wp\/v2\/comments?post=14496"}],"version-history":[{"count":0,"href":"https:\/\/sertv.gob.pa\/nacionalfm\/wp-json\/wp\/v2\/posts\/14496\/revisions"}],"wp:featuredmedia":[{"embeddable":true,"href":"https:\/\/sertv.gob.pa\/nacionalfm\/wp-json\/wp\/v2\/media\/14497"}],"wp:attachment":[{"href":"https:\/\/sertv.gob.pa\/nacionalfm\/wp-json\/wp\/v2\/media?parent=14496"}],"wp:term":[{"taxonomy":"category","embeddable":true,"href":"https:\/\/sertv.gob.pa\/nacionalfm\/wp-json\/wp\/v2\/categories?post=14496"},{"taxonomy":"post_tag","embeddable":true,"href":"https:\/\/sertv.gob.pa\/nacionalfm\/wp-json\/wp\/v2\/tags?post=14496"}],"curies":[{"name":"wp","href":"https:\/\/api.w.org\/{rel}","templated":true}]}}