{"id":145,"date":"2014-07-07T05:00:00","date_gmt":"2014-07-07T05:00:00","guid":{"rendered":""},"modified":"2014-07-07T05:00:00","modified_gmt":"2014-07-07T05:00:00","slug":"en-sudan-7-personas-fallecen-por-colera","status":"publish","type":"post","link":"https:\/\/sertv.gob.pa\/nacionalfm\/en-sudan-7-personas-fallecen-por-colera\/","title":{"rendered":"En Sud\u00e1n, 7 personas fallecen por c\u00f3lera"},"content":{"rendered":"<p>\nLas autoridades sudanesas han registrado 296 casos nuevos de c\u00f3lera en los \u00faltimos tres d\u00edas, de los que siete han muerto, en el Estado del Nilo Alto (noreste del pa\u00eds), inform\u00f3 el ministro de Sanidad en el Gobierno local, Upal Adowk. <\/p>\n<p>Todos los fallecidos son menores de edad y \u00a0la mayor\u00eda de los casos se registraron en la zona de Wau Shiluk, mientras que otros 169 afectados ya han abandonado los hospitales, luego de recibir tratamiento. <\/p>\n<p>La organizaci\u00f3n M\u00e9dicos Sin Fronteras (MSF) se\u00f1alo\u00f39 el pasado 7 de junio que al menos 29 personas murieron en los primeros d\u00edas de ese mes y que mil 306 eran tratadas por la epidemia de c\u00f3lera detectada en Yuba en mayo. <\/p>\n<p>Seg\u00fan la Organizaci\u00f3n Mundial de la Salud (OMS), este brote de c\u00f3lera en Sud\u00e1n del Sur se puede definir como &lsquo;epid\u00e9mico&rsquo;, dado que hay transmisi\u00f3n sostenida. @nacionalFm <\/p>\n<p>\u00a0 <\/p>\n","protected":false},"excerpt":{"rendered":"<p>Las autoridades sudanesas han registrado 296 casos nuevos de c\u00f3lera <a href=\"https:\/\/sertv.gob.pa\/nacionalfm\/en-sudan-7-personas-fallecen-por-colera\/\"> [&#8230;]<\/a><\/p>\n","protected":false},"author":1,"featured_media":146,"comment_status":"closed","ping_status":"closed","sticky":false,"template":"","format":"standard","meta":{"footnotes":""},"categories":[5],"tags":[],"class_list":["post-145","post","type-post","status-publish","format-standard","has-post-thumbnail","hentry","category-salud"],"_links":{"self":[{"href":"https:\/\/sertv.gob.pa\/nacionalfm\/wp-json\/wp\/v2\/posts\/145","targetHints":{"allow":["GET"]}}],"collection":[{"href":"https:\/\/sertv.gob.pa\/nacionalfm\/wp-json\/wp\/v2\/posts"}],"about":[{"href":"https:\/\/sertv.gob.pa\/nacionalfm\/wp-json\/wp\/v2\/types\/post"}],"author":[{"embeddable":true,"href":"https:\/\/sertv.gob.pa\/nacionalfm\/wp-json\/wp\/v2\/users\/1"}],"replies":[{"embeddable":true,"href":"https:\/\/sertv.gob.pa\/nacionalfm\/wp-json\/wp\/v2\/comments?post=145"}],"version-history":[{"count":0,"href":"https:\/\/sertv.gob.pa\/nacionalfm\/wp-json\/wp\/v2\/posts\/145\/revisions"}],"wp:featuredmedia":[{"embeddable":true,"href":"https:\/\/sertv.gob.pa\/nacionalfm\/wp-json\/wp\/v2\/media\/146"}],"wp:attachment":[{"href":"https:\/\/sertv.gob.pa\/nacionalfm\/wp-json\/wp\/v2\/media?parent=145"}],"wp:term":[{"taxonomy":"category","embeddable":true,"href":"https:\/\/sertv.gob.pa\/nacionalfm\/wp-json\/wp\/v2\/categories?post=145"},{"taxonomy":"post_tag","embeddable":true,"href":"https:\/\/sertv.gob.pa\/nacionalfm\/wp-json\/wp\/v2\/tags?post=145"}],"curies":[{"name":"wp","href":"https:\/\/api.w.org\/{rel}","templated":true}]}}