{"id":14504,"date":"2016-07-29T15:16:18","date_gmt":"2016-07-29T15:16:18","guid":{"rendered":""},"modified":"2016-07-29T15:16:18","modified_gmt":"2016-07-29T15:16:18","slug":"hoy-abre-tercera-fecha-de-la-liga-panamena-de-futbol","status":"publish","type":"post","link":"https:\/\/sertv.gob.pa\/nacionalfm\/hoy-abre-tercera-fecha-de-la-liga-panamena-de-futbol\/","title":{"rendered":"Hoy abre tercera fecha de la Liga Paname\u00f1a de F\u00fatbol"},"content":{"rendered":"<p>\nHoy abre la tercera fecha de la Liga Paname\u00f1a de F\u00fatbol con los partidos el Atl\u00e9tico Nacional ante el San Francisco FC en el Maracan\u00e1 del Chorrillo y el \u00c1rabe Unido frente al Chorrillo FC en el Armando Dely de la provincia de Col\u00f3n, los dos partidos en forma simult\u00e1nea a las 9 de la noche. <\/p>\n<p>El s\u00e1bado 30 de julio El Santa Gema de Arraij\u00e1n se mide al Atl\u00e9tico Verag\u00fcense en el Oscar Suman Carrillo de la Universidad de Panam\u00e1, y el Plaza Amador ante Tauro FC en el Maracan\u00e1 del Chorrillo, ambos partidos a las 6 de la tarde. <\/p>\n<p>Cierran la jornada el domingo 31 de julio el Alianza FC y el Sorting San Miguelito en Maracan\u00e1 del Chorrillo a las 5 de la tarde. <\/p>\n","protected":false},"excerpt":{"rendered":"<p>Hoy abre la tercera fecha de la Liga Paname\u00f1a de <a href=\"https:\/\/sertv.gob.pa\/nacionalfm\/hoy-abre-tercera-fecha-de-la-liga-panamena-de-futbol\/\"> [&#8230;]<\/a><\/p>\n","protected":false},"author":1,"featured_media":14505,"comment_status":"closed","ping_status":"closed","sticky":false,"template":"","format":"standard","meta":{"footnotes":""},"categories":[4],"tags":[],"class_list":["post-14504","post","type-post","status-publish","format-standard","has-post-thumbnail","hentry","category-deportes"],"_links":{"self":[{"href":"https:\/\/sertv.gob.pa\/nacionalfm\/wp-json\/wp\/v2\/posts\/14504","targetHints":{"allow":["GET"]}}],"collection":[{"href":"https:\/\/sertv.gob.pa\/nacionalfm\/wp-json\/wp\/v2\/posts"}],"about":[{"href":"https:\/\/sertv.gob.pa\/nacionalfm\/wp-json\/wp\/v2\/types\/post"}],"author":[{"embeddable":true,"href":"https:\/\/sertv.gob.pa\/nacionalfm\/wp-json\/wp\/v2\/users\/1"}],"replies":[{"embeddable":true,"href":"https:\/\/sertv.gob.pa\/nacionalfm\/wp-json\/wp\/v2\/comments?post=14504"}],"version-history":[{"count":0,"href":"https:\/\/sertv.gob.pa\/nacionalfm\/wp-json\/wp\/v2\/posts\/14504\/revisions"}],"wp:featuredmedia":[{"embeddable":true,"href":"https:\/\/sertv.gob.pa\/nacionalfm\/wp-json\/wp\/v2\/media\/14505"}],"wp:attachment":[{"href":"https:\/\/sertv.gob.pa\/nacionalfm\/wp-json\/wp\/v2\/media?parent=14504"}],"wp:term":[{"taxonomy":"category","embeddable":true,"href":"https:\/\/sertv.gob.pa\/nacionalfm\/wp-json\/wp\/v2\/categories?post=14504"},{"taxonomy":"post_tag","embeddable":true,"href":"https:\/\/sertv.gob.pa\/nacionalfm\/wp-json\/wp\/v2\/tags?post=14504"}],"curies":[{"name":"wp","href":"https:\/\/api.w.org\/{rel}","templated":true}]}}