{"id":14508,"date":"2016-07-29T15:41:39","date_gmt":"2016-07-29T15:41:39","guid":{"rendered":""},"modified":"2016-07-29T15:41:39","modified_gmt":"2016-07-29T15:41:39","slug":"inicia-hoy-la-liga-profesional-de-baloncesto-a-las-7-de-la-noche","status":"publish","type":"post","link":"https:\/\/sertv.gob.pa\/nacionalfm\/inicia-hoy-la-liga-profesional-de-baloncesto-a-las-7-de-la-noche\/","title":{"rendered":"Inicia hoy la Liga Profesional de Baloncesto a las 7 de la noche"},"content":{"rendered":"<p>\nHoy viernes 29 de julio se inicia la segunda temporada de la Liga Profesional de Baloncesto de Panam\u00e1, a las 7 de la noche en la Arena Roberto Dur\u00e1n con el partido entre los campeones Correcaminos de Col\u00f3n y los subcampeones Toros de Chiriqu\u00ed. <\/p>\n<p>Para la segunda edici\u00f3n de la LPB, la junta directiva de la liga implementar\u00e1 el sistema de doble juego en la jornada de viernes o s\u00e1bado y lo har\u00e1 desde el d\u00eda uno, ya que en la fecha inaugural tambi\u00e9n chocar\u00e1n a segunda hora (aproximadamente 9:00 p.m.) las Panteras de Parque Lefevre y \u00c1guilas de R\u00edo Abajo. <\/p>\n<p>La primera semana de partidos la cerrar\u00e1n los Halcones de Calle P \u00a0y Caballos de Cocl\u00e9, quintetos que saltar\u00e1n al tabloncillo de la Arena Roberto Dur\u00e1n el domingo 31 a las 5:00 de la tarde. <\/p>\n<p>En la fase de todos contra todos cada equipo jugar\u00e1 15 partidos, es decir que enfrentar\u00e1 tres veces en la campa\u00f1a a las otras cinco franquicias de la liga. Al cumplirse la primera etapa, los cuatro mejores posicionados en la tabla de clasificaci\u00f3n pasar\u00e1n a las semifinales cruzadas, 1 contra 4 y 2 frente a 3, y los dos ganadores de esas llaves disputar\u00e1n la gran final. <\/p>\n<p>\u00a0Al igual que en la primera temporada se volver\u00e1 a rifar un autom\u00f3vil cero kil\u00f3metros marca Mitsubishi entre los fan\u00e1ticos que paguen sus boletos de entrada y el Jugador M\u00e1s Valioso tambi\u00e9n se llevar\u00e1 un auto nuevo. <\/p>\n<p>Las seis franquicias podr\u00e1n fichar a un refuerzo extranjero para la temporada 2016 y el campe\u00f3n de esta segunda edici\u00f3n se ganar\u00e1 el derecho de representar a la LPB en la prestigiosa Liga de las Am\u00e9ricas 2017, certamen donde los Correcaminos se ubicaron entre los mejores ocho clubes del continente, tras superar la ronda de grupos. <\/p>\n<p>Para las dos primeras semanas de partidos en la Arena Roberto Dur\u00e1n los precios de la boleter\u00eda ser\u00e1n 10 d\u00f3lares en VIP y 5 entrada general, cuando los juegos se trasladen al gimnasio de la Universidad Santa Mar\u00eda La Antigua (USMA)\u00a0 el precio \u00fanico ser\u00e1 de 5 d\u00f3lares y en el interior (Chiriqu\u00ed, Cocl\u00e9 y Col\u00f3n) 4 d\u00f3lares. <\/p>\n<p>\u00a0 <\/p>\n","protected":false},"excerpt":{"rendered":"<p>Hoy viernes 29 de julio se inicia la segunda temporada <a href=\"https:\/\/sertv.gob.pa\/nacionalfm\/inicia-hoy-la-liga-profesional-de-baloncesto-a-las-7-de-la-noche\/\"> [&#8230;]<\/a><\/p>\n","protected":false},"author":1,"featured_media":14509,"comment_status":"closed","ping_status":"closed","sticky":false,"template":"","format":"standard","meta":{"footnotes":""},"categories":[4],"tags":[],"class_list":["post-14508","post","type-post","status-publish","format-standard","has-post-thumbnail","hentry","category-deportes"],"_links":{"self":[{"href":"https:\/\/sertv.gob.pa\/nacionalfm\/wp-json\/wp\/v2\/posts\/14508","targetHints":{"allow":["GET"]}}],"collection":[{"href":"https:\/\/sertv.gob.pa\/nacionalfm\/wp-json\/wp\/v2\/posts"}],"about":[{"href":"https:\/\/sertv.gob.pa\/nacionalfm\/wp-json\/wp\/v2\/types\/post"}],"author":[{"embeddable":true,"href":"https:\/\/sertv.gob.pa\/nacionalfm\/wp-json\/wp\/v2\/users\/1"}],"replies":[{"embeddable":true,"href":"https:\/\/sertv.gob.pa\/nacionalfm\/wp-json\/wp\/v2\/comments?post=14508"}],"version-history":[{"count":0,"href":"https:\/\/sertv.gob.pa\/nacionalfm\/wp-json\/wp\/v2\/posts\/14508\/revisions"}],"wp:featuredmedia":[{"embeddable":true,"href":"https:\/\/sertv.gob.pa\/nacionalfm\/wp-json\/wp\/v2\/media\/14509"}],"wp:attachment":[{"href":"https:\/\/sertv.gob.pa\/nacionalfm\/wp-json\/wp\/v2\/media?parent=14508"}],"wp:term":[{"taxonomy":"category","embeddable":true,"href":"https:\/\/sertv.gob.pa\/nacionalfm\/wp-json\/wp\/v2\/categories?post=14508"},{"taxonomy":"post_tag","embeddable":true,"href":"https:\/\/sertv.gob.pa\/nacionalfm\/wp-json\/wp\/v2\/tags?post=14508"}],"curies":[{"name":"wp","href":"https:\/\/api.w.org\/{rel}","templated":true}]}}