{"id":14510,"date":"2016-07-29T15:51:19","date_gmt":"2016-07-29T15:51:19","guid":{"rendered":""},"modified":"2016-07-29T15:51:19","modified_gmt":"2016-07-29T15:51:19","slug":"julio-gonzalez-y-richard-rodriguez-reciben-alta-medica","status":"publish","type":"post","link":"https:\/\/sertv.gob.pa\/nacionalfm\/julio-gonzalez-y-richard-rodriguez-reciben-alta-medica\/","title":{"rendered":"Julio Gonz\u00e1lez y Richard Rodr\u00edguez reciben alta m\u00e9dica"},"content":{"rendered":"<p>\nEl doctor Julio Gonz\u00e1lez inform\u00f3 que el volante Richard Rodr\u00edguez y el delantero Ervin Zorrilla, ya tienen el alta m\u00e9dica, por lo que son convocables para el partido de ma\u00f1ana frente al Atl\u00e9tico Nacional. <\/p>\n<p> Ambos jugadores pudieran ser parte de los 18 convocados, si el director t\u00e9cnico encargado Mauricio Palomino asi lo dispone.  <\/p>\n<p> Por otro lado, el delantero Johnny Ru\u00edz se sigue recuperando de la lesi\u00f3n sufrida en el anterior partido ante Santa Gema. El jugador ha mejorado bastante, y ha hecho trabajos de fortalecimiento, pero por precauci\u00f3n ser\u00e1 baja contra Atl\u00e9tico Nacional  <\/p>\n","protected":false},"excerpt":{"rendered":"<p>El doctor Julio Gonz\u00e1lez inform\u00f3 que el volante Richard Rodr\u00edguez <a href=\"https:\/\/sertv.gob.pa\/nacionalfm\/julio-gonzalez-y-richard-rodriguez-reciben-alta-medica\/\"> [&#8230;]<\/a><\/p>\n","protected":false},"author":1,"featured_media":14511,"comment_status":"closed","ping_status":"closed","sticky":false,"template":"","format":"standard","meta":{"footnotes":""},"categories":[4],"tags":[],"class_list":["post-14510","post","type-post","status-publish","format-standard","has-post-thumbnail","hentry","category-deportes"],"_links":{"self":[{"href":"https:\/\/sertv.gob.pa\/nacionalfm\/wp-json\/wp\/v2\/posts\/14510","targetHints":{"allow":["GET"]}}],"collection":[{"href":"https:\/\/sertv.gob.pa\/nacionalfm\/wp-json\/wp\/v2\/posts"}],"about":[{"href":"https:\/\/sertv.gob.pa\/nacionalfm\/wp-json\/wp\/v2\/types\/post"}],"author":[{"embeddable":true,"href":"https:\/\/sertv.gob.pa\/nacionalfm\/wp-json\/wp\/v2\/users\/1"}],"replies":[{"embeddable":true,"href":"https:\/\/sertv.gob.pa\/nacionalfm\/wp-json\/wp\/v2\/comments?post=14510"}],"version-history":[{"count":0,"href":"https:\/\/sertv.gob.pa\/nacionalfm\/wp-json\/wp\/v2\/posts\/14510\/revisions"}],"wp:featuredmedia":[{"embeddable":true,"href":"https:\/\/sertv.gob.pa\/nacionalfm\/wp-json\/wp\/v2\/media\/14511"}],"wp:attachment":[{"href":"https:\/\/sertv.gob.pa\/nacionalfm\/wp-json\/wp\/v2\/media?parent=14510"}],"wp:term":[{"taxonomy":"category","embeddable":true,"href":"https:\/\/sertv.gob.pa\/nacionalfm\/wp-json\/wp\/v2\/categories?post=14510"},{"taxonomy":"post_tag","embeddable":true,"href":"https:\/\/sertv.gob.pa\/nacionalfm\/wp-json\/wp\/v2\/tags?post=14510"}],"curies":[{"name":"wp","href":"https:\/\/api.w.org\/{rel}","templated":true}]}}