{"id":14518,"date":"2016-07-29T19:00:28","date_gmt":"2016-07-29T19:00:28","guid":{"rendered":""},"modified":"2016-07-29T19:00:28","modified_gmt":"2016-07-29T19:00:28","slug":"la-hepatitis","status":"publish","type":"post","link":"https:\/\/sertv.gob.pa\/nacionalfm\/la-hepatitis\/","title":{"rendered":"La Hepatitis"},"content":{"rendered":"<p>\nLa  hepatitis , una inflamaci\u00f3n del h\u00edgado ocasionada com\u00fanmente por una infecci\u00f3n v\u00edrica, afecta a poco m\u00e1s de 450 millones de personas en el mundo, de las cuales 1.4 millones fallece cada a\u00f1o. <\/p>\n<p>El 95% de ellas no sabe que padece esta enfermedad y menos del 1% accede al correspondiente tratamiento, seg\u00fan datos de la  Organizaci\u00f3n Mundial de la Salud . <\/p>\n<p>Se conocen 5 tipos principales del  virus de la hepatitis : A, B, C, D y E, que pueden transmitirse a trav\u00e9s de varias v\u00edas, indica el doctor Jorge Rodr\u00edguez Sotomayor, subdirector de Promoci\u00f3n de Salud del  Ministerio de Salud (Minsa) . <\/p>\n<p>En Panam\u00e1 se registraron, en 2015, 186 casos de hepatitis B y 24 casos de hepatitis A, de acuerdo con las \u00faltimas cifras que maneja el Departamento de Epidemiolog\u00eda, de la Direcci\u00f3n General de Salud del  Minsa . <\/p>\n<p>Ayer,  28 de julio  ,  \u00a0se celebr\u00f3 el  D\u00eda Mundial contra la Hepatitis , y este a\u00f1o las entidades internacionales hacen un llamado a tomar medidas para la eliminaci\u00f3n de la hepatitis viral. <\/p>\n<p>Seg\u00fan la  OMS , si los G obiernos se plantean objetivos  que incluyan la prevenci\u00f3n, el an\u00e1lisis y tratamiento, para 2030 se reducir\u00eda el 65% de la mortalidad por hepatitis y el 90% en los casos nuevos de esta enfermedad. Esto supone 7.1 millones de vidas salvadas. <\/p>\n<p>La  OMS  lanzar\u00e1  &ldquo;NOhep&rdquo; , un  movimiento mundial  que ofrece una plataforma para que todos se expresen, se comprometan y act\u00faen para eliminar la hepatitis viral para 2030. <\/p>\n<p>\u00a0 <\/p>\n","protected":false},"excerpt":{"rendered":"<p>La hepatitis , una inflamaci\u00f3n del h\u00edgado ocasionada com\u00fanmente por <a href=\"https:\/\/sertv.gob.pa\/nacionalfm\/la-hepatitis\/\"> [&#8230;]<\/a><\/p>\n","protected":false},"author":1,"featured_media":14519,"comment_status":"closed","ping_status":"closed","sticky":false,"template":"","format":"standard","meta":{"footnotes":""},"categories":[5],"tags":[],"class_list":["post-14518","post","type-post","status-publish","format-standard","has-post-thumbnail","hentry","category-salud"],"_links":{"self":[{"href":"https:\/\/sertv.gob.pa\/nacionalfm\/wp-json\/wp\/v2\/posts\/14518","targetHints":{"allow":["GET"]}}],"collection":[{"href":"https:\/\/sertv.gob.pa\/nacionalfm\/wp-json\/wp\/v2\/posts"}],"about":[{"href":"https:\/\/sertv.gob.pa\/nacionalfm\/wp-json\/wp\/v2\/types\/post"}],"author":[{"embeddable":true,"href":"https:\/\/sertv.gob.pa\/nacionalfm\/wp-json\/wp\/v2\/users\/1"}],"replies":[{"embeddable":true,"href":"https:\/\/sertv.gob.pa\/nacionalfm\/wp-json\/wp\/v2\/comments?post=14518"}],"version-history":[{"count":0,"href":"https:\/\/sertv.gob.pa\/nacionalfm\/wp-json\/wp\/v2\/posts\/14518\/revisions"}],"wp:featuredmedia":[{"embeddable":true,"href":"https:\/\/sertv.gob.pa\/nacionalfm\/wp-json\/wp\/v2\/media\/14519"}],"wp:attachment":[{"href":"https:\/\/sertv.gob.pa\/nacionalfm\/wp-json\/wp\/v2\/media?parent=14518"}],"wp:term":[{"taxonomy":"category","embeddable":true,"href":"https:\/\/sertv.gob.pa\/nacionalfm\/wp-json\/wp\/v2\/categories?post=14518"},{"taxonomy":"post_tag","embeddable":true,"href":"https:\/\/sertv.gob.pa\/nacionalfm\/wp-json\/wp\/v2\/tags?post=14518"}],"curies":[{"name":"wp","href":"https:\/\/api.w.org\/{rel}","templated":true}]}}