{"id":1452,"date":"2014-09-08T05:00:00","date_gmt":"2014-09-08T05:00:00","guid":{"rendered":""},"modified":"2014-09-08T05:00:00","modified_gmt":"2014-09-08T05:00:00","slug":"la-automedicacion-un-peligro-latente-para-el-organismo","status":"publish","type":"post","link":"https:\/\/sertv.gob.pa\/nacionalfm\/la-automedicacion-un-peligro-latente-para-el-organismo\/","title":{"rendered":"\u201cLa automedicaci\u00f3n\u201d, un peligro latente para el organismo"},"content":{"rendered":"<p>\nLourdes Garc\u00eda, directora de Epidemiolog\u00eda del Ministerio de Salud (MINSA), realiz\u00f3 un llamado a la poblaci\u00f3n sobre el da\u00f1o que la automedicaci\u00f3n puede provocar a su organismo, ahora que en el pa\u00eds circulan los virus del dengue y chikungunya. <\/p>\n<p>Advirti\u00f3 que el inconveniente que existe con la medicaci\u00f3n sin opini\u00f3n m\u00e9dica en estas enfermedades es que el f\u00e1rmaco puede calmar los s\u00edntomas del chikingunya, pero causar la muerte en el caso de padecer dengue. <\/p>\n<p>En relaci\u00f3n a ello, las autoridades de Salud documentaron dos casos en los cuales las pruebas de laboratorio aplicadas a los enfermos dieron positivo en ambos virus. <\/p>\n<p>Mientras que, la directora nacional de Salud, Itza Barahona de Mosca, exhort\u00f3 a la poblaci\u00f3n para que asista a una instalaci\u00f3n de salud ante cualquier s\u00edntoma, de forma tal que sea el m\u00e9dico el profesional que aplique el tratamiento a seguir. <\/p>\n<p>Adicion\u00f3 que hasta la fecha se han reportado 19 casos de chikungunya y unos 4 mil casos de dengue.\u00a0 @nacionalFm <\/p>\n","protected":false},"excerpt":{"rendered":"<p>Lourdes Garc\u00eda, directora de Epidemiolog\u00eda del Ministerio de Salud (MINSA), <a href=\"https:\/\/sertv.gob.pa\/nacionalfm\/la-automedicacion-un-peligro-latente-para-el-organismo\/\"> [&#8230;]<\/a><\/p>\n","protected":false},"author":1,"featured_media":1453,"comment_status":"closed","ping_status":"closed","sticky":false,"template":"","format":"standard","meta":{"footnotes":""},"categories":[5],"tags":[],"class_list":["post-1452","post","type-post","status-publish","format-standard","has-post-thumbnail","hentry","category-salud"],"_links":{"self":[{"href":"https:\/\/sertv.gob.pa\/nacionalfm\/wp-json\/wp\/v2\/posts\/1452","targetHints":{"allow":["GET"]}}],"collection":[{"href":"https:\/\/sertv.gob.pa\/nacionalfm\/wp-json\/wp\/v2\/posts"}],"about":[{"href":"https:\/\/sertv.gob.pa\/nacionalfm\/wp-json\/wp\/v2\/types\/post"}],"author":[{"embeddable":true,"href":"https:\/\/sertv.gob.pa\/nacionalfm\/wp-json\/wp\/v2\/users\/1"}],"replies":[{"embeddable":true,"href":"https:\/\/sertv.gob.pa\/nacionalfm\/wp-json\/wp\/v2\/comments?post=1452"}],"version-history":[{"count":0,"href":"https:\/\/sertv.gob.pa\/nacionalfm\/wp-json\/wp\/v2\/posts\/1452\/revisions"}],"wp:featuredmedia":[{"embeddable":true,"href":"https:\/\/sertv.gob.pa\/nacionalfm\/wp-json\/wp\/v2\/media\/1453"}],"wp:attachment":[{"href":"https:\/\/sertv.gob.pa\/nacionalfm\/wp-json\/wp\/v2\/media?parent=1452"}],"wp:term":[{"taxonomy":"category","embeddable":true,"href":"https:\/\/sertv.gob.pa\/nacionalfm\/wp-json\/wp\/v2\/categories?post=1452"},{"taxonomy":"post_tag","embeddable":true,"href":"https:\/\/sertv.gob.pa\/nacionalfm\/wp-json\/wp\/v2\/tags?post=1452"}],"curies":[{"name":"wp","href":"https:\/\/api.w.org\/{rel}","templated":true}]}}