{"id":14520,"date":"2016-07-29T19:09:25","date_gmt":"2016-07-29T19:09:25","guid":{"rendered":""},"modified":"2016-07-29T19:09:25","modified_gmt":"2016-07-29T19:09:25","slug":"cirugias-esteticas-en-menores-de-edad-se-prohiben-en-colombia","status":"publish","type":"post","link":"https:\/\/sertv.gob.pa\/nacionalfm\/cirugias-esteticas-en-menores-de-edad-se-prohiben-en-colombia\/","title":{"rendered":"Cirug\u00edas est\u00e9ticas en menores de edad se proh\u00edben en Colombia"},"content":{"rendered":"<p>\n Colombia \u00a0prohibi\u00f3 las cirug\u00edas est\u00e9ticas en menores de 18 a\u00f1os, con el prop\u00f3sito de limitar el crecimiento \u00abdesmedido\u00bb de esas intervenciones, inform\u00f3 \u00a0uno de los autores de la iniciativa legislativa sancionada la v\u00edspera. <\/p>\n<p>\u00abLa raz\u00f3n de esta ley es que el crecimiento desmedido de las cirug\u00edas pl\u00e1sticas en Colombia est\u00e1 creando una falsa moda y problemas ps\u00edquicos y psicol\u00f3gicos\u00bb, expres\u00f3 a  AFP  el senador oficialista Mauricio Lizcano. <\/p>\n<p>La norma sancionada el martes por el presidente  Juan Manuel Santos \u00a0\u00abproh\u00edbe la realizaci\u00f3n de procedimientos m\u00e9dicos y quir\u00fargicos est\u00e9ticos en pacientes menores de 18 a\u00f1os\u00bb. <\/p>\n<p>\u00abEl consentimiento de los padres no constituye excepci\u00f3n v\u00e1lida a la presente prohibici\u00f3n\u00bb, se\u00f1ala. <\/p>\n<p>Colombia es el s\u00e9ptimo pa\u00eds del mundo con m\u00e1s procedimientos quir\u00fargicos est\u00e9ticos y el sexto con m\u00e1s operaciones de senos, seg\u00fan la Sociedad Internacional de Cirug\u00eda Pl\u00e1stica Est\u00e9tica (Isaps, en ingl\u00e9s), que se\u00f1ala que al a\u00f1o se llevan a cabo en el pa\u00eds m\u00e1s de 200 mil intervenciones de este tipo. <\/p>\n<p>La prohibici\u00f3n, aclar\u00f3 Lizcano, no aplicar\u00e1 para cirug\u00edas de nariz y orejas, las reconstructivas,  peelings  (descamaci\u00f3n o exfoliaci\u00f3n) qu\u00edmicos y mec\u00e1nicos y la depilaci\u00f3n l\u00e1ser. Tampoco para intervenciones motivadas por patolog\u00edas psicol\u00f3gicas o f\u00edsicas acreditadas. <\/p>\n<p>En el caso de estas cirug\u00edas, el cirujano deber\u00e1 pedir un \u00abpermiso especial\u00bb a la respectiva entidad territorial de salud para proceder con el procedimiento, seg\u00fan un comunicado de la Presidencia. <\/p>\n<p>De acuerdo con Lizcano, algunos menores optan por liposucciones en vez de hacer dietas o ejercicio, por lo que \u00aben un a\u00f1o estaban pasados de peso otra vez\u00bb porque su obesidad se debe, mayoritariamente, a \u00abproblemas de metabolismo\u00bb. <\/p>\n<p>Adem\u00e1s, en el caso de los implantes de silicona en los senos, el senador llam\u00f3 la atenci\u00f3n porque el crecimiento del busto se desarrolla por completo hasta los 21 a\u00f1os. Si se hace una intervenci\u00f3n antes, se puede presentar una deformaci\u00f3n, agreg\u00f3. <\/p>\n<p>Lizcano asegur\u00f3 que dentro de las motivaciones de la ley est\u00e1 ponerle fin a las malas pr\u00e1cticas m\u00e9dicas, que en muchos casos han acabado con la vida de los pacientes. <\/p>\n<p>\u00a0 <\/p>\n","protected":false},"excerpt":{"rendered":"<p>Colombia \u00a0prohibi\u00f3 las cirug\u00edas est\u00e9ticas en menores de 18 a\u00f1os, <a href=\"https:\/\/sertv.gob.pa\/nacionalfm\/cirugias-esteticas-en-menores-de-edad-se-prohiben-en-colombia\/\"> [&#8230;]<\/a><\/p>\n","protected":false},"author":1,"featured_media":14521,"comment_status":"closed","ping_status":"closed","sticky":false,"template":"","format":"standard","meta":{"footnotes":""},"categories":[5],"tags":[],"class_list":["post-14520","post","type-post","status-publish","format-standard","has-post-thumbnail","hentry","category-salud"],"_links":{"self":[{"href":"https:\/\/sertv.gob.pa\/nacionalfm\/wp-json\/wp\/v2\/posts\/14520","targetHints":{"allow":["GET"]}}],"collection":[{"href":"https:\/\/sertv.gob.pa\/nacionalfm\/wp-json\/wp\/v2\/posts"}],"about":[{"href":"https:\/\/sertv.gob.pa\/nacionalfm\/wp-json\/wp\/v2\/types\/post"}],"author":[{"embeddable":true,"href":"https:\/\/sertv.gob.pa\/nacionalfm\/wp-json\/wp\/v2\/users\/1"}],"replies":[{"embeddable":true,"href":"https:\/\/sertv.gob.pa\/nacionalfm\/wp-json\/wp\/v2\/comments?post=14520"}],"version-history":[{"count":0,"href":"https:\/\/sertv.gob.pa\/nacionalfm\/wp-json\/wp\/v2\/posts\/14520\/revisions"}],"wp:featuredmedia":[{"embeddable":true,"href":"https:\/\/sertv.gob.pa\/nacionalfm\/wp-json\/wp\/v2\/media\/14521"}],"wp:attachment":[{"href":"https:\/\/sertv.gob.pa\/nacionalfm\/wp-json\/wp\/v2\/media?parent=14520"}],"wp:term":[{"taxonomy":"category","embeddable":true,"href":"https:\/\/sertv.gob.pa\/nacionalfm\/wp-json\/wp\/v2\/categories?post=14520"},{"taxonomy":"post_tag","embeddable":true,"href":"https:\/\/sertv.gob.pa\/nacionalfm\/wp-json\/wp\/v2\/tags?post=14520"}],"curies":[{"name":"wp","href":"https:\/\/api.w.org\/{rel}","templated":true}]}}